{"id":990,"date":"2024-10-02T14:56:45","date_gmt":"2024-10-02T17:56:45","guid":{"rendered":"https:\/\/pedale.net.br\/blog\/?p=990"},"modified":"2024-10-10T11:31:53","modified_gmt":"2024-10-10T14:31:53","slug":"aluguel-de-bicicleta-em-salvador","status":"publish","type":"post","link":"https:\/\/pedale.net.br\/blog\/2024\/10\/02\/aluguel-de-bicicleta-em-salvador\/","title":{"rendered":"Aplicativo de Aluguel de Bicicleta em Salvador"},"content":{"rendered":"\n<p>Descubra Como Voc\u00ea Pode Impactar Positivamente a Cidade Oferecendo o Servi\u00e7o de Aluguel de Bicicleta em Salvador Via Aplicativo Pedale<\/p>\n\n\n\n<p>Se voc\u00ea acha que Salvador \u00e9 s\u00f3 praia, ax\u00e9 e hist\u00f3ria, est\u00e1 na hora de conhecer a cidade de um jeito novo e empolgante: pedalando! A capital baiana, com sua rica cultura e paisagens de tirar o f\u00f4lego, \u00e9 um convite aberto para quem quer explorar suas ruas e avenidas de bicicleta. <\/p>\n\n\n\n<p>E com o aluguel de bicicleta em Salvador, sua experi\u00eancia pode ser ainda mais pr\u00e1tica e envolvente. Neste post, vamos mostrar um pouco das ciclovias da cidade, os melhores lugares para pedalar e como o aplicativo Pedale pode ajudar a transformar a mobilidade urbana, unindo ciclistas, donos de bicicletas e neg\u00f3cios locais em uma rede sustent\u00e1vel.<\/p>\n\n\n\n<h2 id=\"salvador-sobre-duas-rodas-as-ciclovias-da-cidade\" class=\"wp-block-heading\"><strong>Salvador Sobre Duas Rodas: As Ciclovias da Cidade<\/strong><\/h2>\n\n\n\n<p>Salvador j\u00e1 vem mostrando que \u00e9 poss\u00edvel criar um ambiente mais sustent\u00e1vel para todos, com um sistema ciclovi\u00e1rio em expans\u00e3o que integra diversos bairros e \u00e1reas da cidade. De acordo com o <a href=\"https:\/\/aliancabike.org.br\/dados-do-setor\/ciclovias-e-ciclofaixas\/\" target=\"_blank\" rel=\"noopener\">levantamento feito pela Alian\u00e7a Bike<\/a>, a cidade conta atualmente com 308,59 km de ciclovias e ciclofaixas, conectando importantes regi\u00f5es, como a Orla Atl\u00e2ntica e \u00e1reas comerciais, culturais e residenciais. Al\u00e9m disso, Salvador tem investido na amplia\u00e7\u00e3o dessa malha ciclovi\u00e1ria para incentivar ainda mais o uso das bicicletas como meio de transporte.<\/p>\n\n\n\n<p>Uma das grandes vantagens de pedalar por Salvador \u00e9 poder vivenciar a cidade de um ponto de vista \u00fanico, fugindo do tr\u00e2nsito e da correria. De bicicleta, voc\u00ea pode explorar as ladeiras do Pelourinho, a tranquilidade das orlas de Itapu\u00e3 ou a modernidade da Avenida Paralela, tudo no seu ritmo e com muito mais liberdade.<\/p>\n\n\n\n<h2 id=\"onde-pedalar-em-salvador\" class=\"wp-block-heading\"><strong>Onde Pedalar em Salvador<\/strong><\/h2>\n\n\n\n<p>Com o aluguel de bicicleta em Salvador, voc\u00ea pode descobrir uma nova face da cidade. Aqui est\u00e3o alguns dos melhores lugares para pedalar e aproveitar o que Salvador tem de melhor:<\/p>\n\n\n\n<p><strong>1. Orla de Salvador<\/strong><br>A orla da cidade \u00e9 um dos destinos mais procurados pelos ciclistas, com uma ciclovia cont\u00ednua que vai de Ondina at\u00e9 Itapu\u00e3, passando por bairros como Barra e Pituba. Pedalar por essa ciclovia \u00e9 uma experi\u00eancia deliciosa, com o mar ao seu lado e uma vista incr\u00edvel. Durante o percurso, vale a pena parar em um dos muitos quiosques ou restaurantes para um descanso e apreciar a paisagem.<\/p>\n\n\n\n<p><strong>2. Parque Metropolitano de Pitua\u00e7u<\/strong><br>O Parque de Pitua\u00e7u \u00e9 o lugar perfeito para quem gosta de pedalar em meio \u00e0 natureza. Com uma trilha de cerca de 15 km ao redor da lagoa, o parque oferece um ambiente tranquilo, ideal para quem quer escapar do caos urbano e se conectar com a fauna e flora locais. \u00c9 o passeio perfeito tanto para ciclistas iniciantes quanto para os mais experientes.<\/p>\n\n\n\n<figure class=\"wp-block-embed is-type-video is-provider-youtube wp-block-embed-youtube wp-embed-aspect-16-9 wp-has-aspect-ratio\"><div class=\"wp-block-embed__wrapper\">\n<iframe title=\"O que Fazer em Salvador - Parque Metropolitano de Pitua\u00e7u | Veja como a Lagoa \u00e9 Linda\" width=\"1160\" height=\"653\" src=\"https:\/\/www.youtube.com\/embed\/DOBzHuw3Upo?feature=oembed\" frameborder=\"0\" allow=\"accelerometer; autoplay; clipboard-write; encrypted-media; gyroscope; picture-in-picture; web-share\" referrerpolicy=\"strict-origin-when-cross-origin\" allowfullscreen><\/iframe>\n<\/div><figcaption class=\"wp-element-caption\">agradecimento ao canal seguir Viagem Oficial<\/figcaption><\/figure>\n\n\n\n<p><strong>3. Pelourinho e Centro Hist\u00f3rico<\/strong><br>Nada como pedalar pelas ladeiras do Pelourinho e conhecer o cora\u00e7\u00e3o hist\u00f3rico de Salvador de forma sustent\u00e1vel. Embora seja preciso um pouco mais de f\u00f4lego para encarar as subidas e descidas, o charme do centro hist\u00f3rico, com suas ruas de paralelep\u00edpedos, igrejas e casar\u00f5es coloniais, faz o esfor\u00e7o valer a pena. E o melhor: sem precisar se preocupar com estacionamento!<\/p>\n\n\n\n<p><strong>4. Avenida Paralela<\/strong><br>A ciclovia da Avenida Paralela \u00e9 uma das mais movimentadas da cidade, ligando \u00e1reas residenciais \u00e0 regi\u00e3o empresarial e comercial de Salvador. \u00c9 uma op\u00e7\u00e3o excelente para quem quer pedalar de forma pr\u00e1tica no dia a dia, seja para trabalhar, estudar ou simplesmente se deslocar pela cidade. Al\u00e9m disso, a ciclovia \u00e9 bem estruturada e segura, sendo uma das favoritas dos ciclistas soteropolitanos.<\/p>\n\n\n\n<h2 id=\"veja-como-a-pedale-pode-ajudar-voce-a-oferecer-o-servico-de-aluguel-de-bicicletas-em-salvador\" class=\"wp-block-heading\"><strong>Veja Como a Pedale Pode Ajudar Voc\u00ea a Oferecer o Servi\u00e7o de Aluguel de Bicicletas em Salvador<\/strong><\/h2>\n\n\n\n<p>Agora que voc\u00ea j\u00e1 conhece os melhores lugares para pedalar em Salvador, vamos falar sobre como o aluguel de bicicleta em Salvador pode ser uma solu\u00e7\u00e3o pr\u00e1tica e acess\u00edvel com o aplicativo Pedale. A ideia \u00e9 simples: qualquer morador ou neg\u00f3cio local pode se tornar uma \u201cesta\u00e7\u00e3o de aluguel\u201d. <\/p>\n\n\n\n<p>Al\u00e9m disso, quando donos de bicicletas estabelecem parcerias entre si, ser\u00e1 poss\u00edvel pegar a bike em um ponto e devolver em outro, aumentando a praticidade para quem quer explorar a cidade sem preocupa\u00e7\u00f5es.<\/p>\n\n\n\n<h3 id=\"uma-oportunidade-para-negocios-locais\" class=\"wp-block-heading\"><strong>Uma Oportunidade para Neg\u00f3cios Locais<\/strong><\/h3>\n\n\n\n<p>Se voc\u00ea tem um neg\u00f3cio de aluguel de bicicletas ou qualquer outro empreendimento em Salvador, a Pedale oferece uma p\u00e1gina exclusiva de reservas, onde voc\u00ea pode receber e gerar seus pr\u00f3prios pedidos, mantendo o controle total das loca\u00e7\u00f5es. Esse recurso \u00e9 ideal para otimizar o atendimento e organizar melhor o fluxo de alugu\u00e9is, profissionalizando ainda mais o seu servi\u00e7o.<\/p>\n\n\n\n<p>E n\u00e3o \u00e9 s\u00f3 para quem j\u00e1 tem um neg\u00f3cio de bikes. Se voc\u00ea tem uma bicicleta em casa e quer empreender, pode se tornar um anfitri\u00e3o na Pedale e alugar suas bicicletas para turistas e moradores. O aplicativo agiliza e profissionaliza o atendimento, com chat integrado e verifica\u00e7\u00e3o de perfil dos utilizadores.<\/p>\n\n\n\n<h2 id=\"convite-aos-donos-de-bicicletas-e-empreendedores-de-salvador\" class=\"wp-block-heading\"><strong>Convite aos Donos de Bicicletas e Empreendedores de Salvador<\/strong><\/h2>\n\n\n\n<p>Salvador ainda n\u00e3o conta com anfitri\u00f5es de bicicletas cadastrados na plataoforma Pedale. Ent\u00e3o, essa \u00e9 uma oportunidade \u00fanica para voc\u00ea fazer parte dessa revolu\u00e7\u00e3o em mobilidade sustent\u00e1vel! Se voc\u00ea \u00e9 dono de uma bicicleta, pousada, hotel, bar, restaurante ou qualquer outro tipo de neg\u00f3cio, pode se tornar um parceiro da Pedale e oferecer um servi\u00e7o adicional aos seus clientes.<\/p>\n\n\n\n<p>Ao se tornar um anfitri\u00e3o de bike, voc\u00ea ajuda a transformar a cidade em um lugar mais saud\u00e1vel, menos polu\u00eddo e com mais op\u00e7\u00f5es de transporte, al\u00e9m de ganhar os valores das loca\u00e7\u00f5es.<\/p>\n\n\n\n<p>N\u00e3o deixe de visitar o post que preparamos com dicas em v\u00eddeos e ideias de como ter sucessos utilizando os recursos do nosso app. Clique no bot\u00e3o abaixo para saber como conquistar e fidelizar muito mais clientes.<\/p>\n\n\n\n<div class=\"wp-block-buttons is-content-justification-center is-layout-flex wp-container-core-buttons-is-layout-16018d1d wp-block-buttons-is-layout-flex\">\n<div class=\"wp-block-button\"><a class=\"wp-block-button__link wp-element-button\" href=\"https:\/\/pedale.net.br\/blog\/2023\/09\/26\/anfitriao-de-bicicleta\/\" target=\"_blank\" rel=\"noreferrer noopener\">dicas e ideias para anfitri\u00f5es<\/a><\/div>\n<\/div>\n\n\n\n<h3 id=\"servicos-e-recursos-do-aplicativo-pedale\" class=\"wp-block-heading\"><strong>Servi\u00e7os e Recursos do Aplicativo Pedale<\/strong><\/h3>\n\n\n\n<p>A Pedale oferece uma s\u00e9rie de recursos e servi\u00e7os para facilitar a vida dos anfitri\u00f5es de bike, como:<\/p>\n\n\n\n<ol class=\"wp-block-list\">\n<li>P\u00e1gina Exclusiva de Loca\u00e7\u00f5es para Receber Pedidos;<\/li>\n\n\n\n<li>Painel de Registro e Controles de Pedidos;<\/li>\n\n\n\n<li>Verifica\u00e7\u00e3o de Perfil de Clientes;<\/li>\n\n\n\n<li>Chat Integrado;<\/li>\n\n\n\n<li>Notifica\u00e7\u00f5es Autom\u00e1ticas de Recebimento de Pedidos, Mensagem de Chat, etc;<\/li>\n\n\n\n<li>Cadastro Ilimitado de Bicicletas com M\u00faltiplos Endere\u00e7os;<\/li>\n\n\n\n<li>Modalidades de Aluguel por Hora, Dia, Semana e M\u00eas;<\/li>\n\n\n\n<li>Suporte da Plataforma Via WhatsApp.<\/li>\n\n\n\n<li>Plataforma Web + Aplicativo Android (iOS em desenvolvimento);<\/li>\n\n\n\n<li>Localizador de Clientes\/Bikes com Pedidos Ativos\u00a0(em\u00a0breve);<\/li>\n<\/ol>\n\n\n\n<ul class=\"wp-block-list\"><\/ul>\n\n\n\n<h2 id=\"salvador-uma-cidade-em-transformacao\" class=\"wp-block-heading\"><strong>Salvador: Uma Cidade em Transforma\u00e7\u00e3o<\/strong><\/h2>\n\n\n\n<p>Salvador est\u00e1 em constante evolu\u00e7\u00e3o, e o aumento das ciclovias \u00e9 parte desse processo. A cidade tem investido em infraestrutura ciclovi\u00e1ria para tornar o transporte de bicicleta mais acess\u00edvel e seguro para todos. E com o aluguel de bicicleta em Salvador via Pedale, voc\u00ea pode ser parte dessa transforma\u00e7\u00e3o!<\/p>\n\n\n\n<p><strong>Conclus\u00e3o: Vamos Pedalar?<\/strong><\/p>\n\n\n\n<p>A cidade de Salvador est\u00e1 cheia de oportunidades para quem quer conhecer seus encantos de forma mais pr\u00f3xima e consciente. Com o aluguel de bicicleta em Salvador pelo aplicativo Pedale, voc\u00ea pode ajudar a construir uma cidade mais verde e conectada. Junte-se a n\u00f3s e fa\u00e7a parte dessa revolu\u00e7\u00e3o na mobilidade!<\/p>\n","protected":false},"excerpt":{"rendered":"<p>Descubra Como Voc\u00ea Pode Impactar Positivamente a Cidade Oferecendo o Servi\u00e7o de Aluguel de Bicicleta em Salvador Via Aplicativo Pedale Se voc\u00ea acha que Salvador \u00e9 s\u00f3 praia, ax\u00e9 e&hellip;<\/p>\n","protected":false},"author":2,"featured_media":992,"comment_status":"open","ping_status":"open","sticky":false,"template":"","format":"standard","meta":{"footnotes":""},"categories":[18],"tags":[264,263,261,262],"powerkit_post_featured":[],"class_list":{"0":"post-990","1":"post","2":"type-post","3":"status-publish","4":"format-standard","5":"has-post-thumbnail","7":"category-dicas","8":"tag-alugar-bicicleta-salvador","9":"tag-aluguel-bike-salvador","10":"tag-aplicativo-aluguel-bicicleta-salvador-ba","11":"tag-app-aluguel-bicicleta"},"_links":{"self":[{"href":"https:\/\/pedale.net.br\/blog\/wp-json\/wp\/v2\/posts\/990","targetHints":{"allow":["GET"]}}],"collection":[{"href":"https:\/\/pedale.net.br\/blog\/wp-json\/wp\/v2\/posts"}],"about":[{"href":"https:\/\/pedale.net.br\/blog\/wp-json\/wp\/v2\/types\/post"}],"author":[{"embeddable":true,"href":"https:\/\/pedale.net.br\/blog\/wp-json\/wp\/v2\/users\/2"}],"replies":[{"embeddable":true,"href":"https:\/\/pedale.net.br\/blog\/wp-json\/wp\/v2\/comments?post=990"}],"version-history":[{"count":2,"href":"https:\/\/pedale.net.br\/blog\/wp-json\/wp\/v2\/posts\/990\/revisions"}],"predecessor-version":[{"id":994,"href":"https:\/\/pedale.net.br\/blog\/wp-json\/wp\/v2\/posts\/990\/revisions\/994"}],"wp:featuredmedia":[{"embeddable":true,"href":"https:\/\/pedale.net.br\/blog\/wp-json\/wp\/v2\/media\/992"}],"wp:attachment":[{"href":"https:\/\/pedale.net.br\/blog\/wp-json\/wp\/v2\/media?parent=990"}],"wp:term":[{"taxonomy":"category","embeddable":true,"href":"https:\/\/pedale.net.br\/blog\/wp-json\/wp\/v2\/categories?post=990"},{"taxonomy":"post_tag","embeddable":true,"href":"https:\/\/pedale.net.br\/blog\/wp-json\/wp\/v2\/tags?post=990"},{"taxonomy":"powerkit_post_featured","embeddable":true,"href":"https:\/\/pedale.net.br\/blog\/wp-json\/wp\/v2\/powerkit_post_featured?post=990"}],"curies":[{"name":"wp","href":"https:\/\/api.w.org\/{rel}","templated":true}]}}