{"id":681,"date":"2023-09-12T21:31:19","date_gmt":"2023-09-13T00:31:19","guid":{"rendered":"https:\/\/pedale.net.br\/blog\/?p=681"},"modified":"2023-09-12T21:31:21","modified_gmt":"2023-09-13T00:31:21","slug":"aluguel-de-bicicleta-em-santarem-pa","status":"publish","type":"post","link":"https:\/\/pedale.net.br\/blog\/2023\/09\/12\/aluguel-de-bicicleta-em-santarem-pa\/","title":{"rendered":"Aluguel de Bicicleta em Santar\u00e9m PA"},"content":{"rendered":"\n<p><strong>O aluguel de bicicleta em Santar\u00e9m ficou mais pr\u00e1tico com a Pedale, a melhor amiga dos ciclistas! Somos uma plataforma de aluguel de bicicletas no estilo Airbnb.<\/strong><\/p>\n\n\n\n<p>Em Santar\u00e9m, o anfitri\u00e3o da cidade faz a entrega e a busca da bicicleta alugada no seu local. Est\u00e1 inclu\u00eddo tamb\u00e9m capacete, luvas, luzes de sinaliza\u00e7\u00e3o e garrafinha de \u00e1gua. <\/p>\n\n\n\n<div class=\"wp-block-buttons is-content-justification-center is-layout-flex wp-container-core-buttons-is-layout-16018d1d wp-block-buttons-is-layout-flex\">\n<div class=\"wp-block-button\"><a class=\"wp-block-button__link wp-element-button\" href=\"https:\/\/pedale.net.br\/bicicletas\/Santar%C3%A9m?utm_source=Santar%C3%A9m+Bot%C3%A3o&utm_medium=Santar%C3%A9m+Bot%C3%A3o&utm_campaign=Santar%C3%A9m+Bot%C3%A3o&utm_id=Blog+Santar%C3%A9m\">ver as bikes em santar\u00e9m<\/a><\/div>\n<\/div>\n\n\n\n<p>Localizada no cora\u00e7\u00e3o da regi\u00e3o amaz\u00f4nica brasileira, \u00e9 uma cidade que encanta os visitantes com sua beleza natural, riqueza cultural e um clima acolhedor. Uma das melhores maneiras de conhecer essa cidade maravilhosa \u00e9 pedalando pelas suas ruas, trilhas e estradas.<\/p>\n\n\n\n<p>E o melhor de tudo \u00e9 que voc\u00ea pode desfrutar dessa experi\u00eancia de uma forma incr\u00edvel, que \u00e9 pedalando, atrav\u00e9s do aluguel de bicicleta em Santar\u00e9m pela plataforma Pedale.<\/p>\n\n\n\n<h2 id=\"aluguel-de-bicicleta-em-santarem-facilidade-ao-seu-alcance\" class=\"wp-block-heading\"><strong>Aluguel de Bicicleta em Santar\u00e9m: <\/strong>Facilidade  ao Seu Alcance<\/h2>\n\n\n\n<p>Para quem busca uma forma pr\u00e1tica de explorar <a href=\"https:\/\/pt.wikipedia.org\/wiki\/Santar%C3%A9m_(Par%C3%A1)\" target=\"_blank\" rel=\"noopener\">Santar\u00e9m<\/a> de bicicleta, a plataforma se tornou a melhor amiga dos ciclistas. Oferecemos uma maneira f\u00e1cil e conveniente de obter uma bike para suas aventuras em Santar\u00e9m, no Par\u00e1. <\/p>\n\n\n\n<p><strong>O anfitri\u00e3o local entrega a bike na sua localiza\u00e7\u00e3o. <\/strong>A Pedale tornou o aluguel de bicicleta uma op\u00e7\u00e3o vi\u00e1vel para turistas e moradores locais. E com o servi\u00e7o dispon\u00edvel em diversas outras cidades, <strong>vamos juntos construir uma solu\u00e7\u00e3o em mobilidade sustent\u00e1vel!<\/strong><\/p>\n\n\n\n<h2 id=\"descobrindo-os-encantos-de-santarem-de-bicicleta\" class=\"wp-block-heading\"><strong>Descobrindo os Encantos de Santar\u00e9m de Bicicleta<\/strong><\/h2>\n\n\n\n<p>Vamos explorar os principais pontos tur\u00edsticos que voc\u00ea pode visitar pedalando.<\/p>\n\n\n\n<p><strong>Praia de Alter do Ch\u00e3o:<\/strong> Come\u00e7ando nossa jornada de pedalada em Santar\u00e9m, n\u00e3o podemos deixar de mencionar Alter do Ch\u00e3o. Esta vila tranquila, situada \u00e0s margens do Rio Tapaj\u00f3s, \u00e9 conhecida como o \u201cCaribe da Amaz\u00f4nia\u201d devido \u00e0s suas praias de areias brancas e \u00e1guas cristalinas.<\/p>\n\n\n\n<p>Alugar uma bicicleta em Santar\u00e9m e pedalar pela ciclovia at\u00e9 Alter do Ch\u00e3o \u00e9 uma experi\u00eancia imperd\u00edvel. Voc\u00ea poder\u00e1 aproveitar a brisa fresca enquanto percorre as estradas sinuosas que levam a esse para\u00edso tropical.<\/p>\n\n\n\n<figure class=\"wp-block-image size-large\"><img fetchpriority=\"high\" decoding=\"async\" width=\"1160\" height=\"634\" src=\"https:\/\/pedale.net.br\/blog\/wp-content\/uploads\/2023\/09\/aluguel-bicicleta-santarem-pa-alter-do-chao-1160x634.png\" alt=\"\" class=\"wp-image-683\" srcset=\"https:\/\/pedale.net.br\/blog\/wp-content\/uploads\/2023\/09\/aluguel-bicicleta-santarem-pa-alter-do-chao-1160x634.png 1160w, https:\/\/pedale.net.br\/blog\/wp-content\/uploads\/2023\/09\/aluguel-bicicleta-santarem-pa-alter-do-chao-800x437.png 800w, https:\/\/pedale.net.br\/blog\/wp-content\/uploads\/2023\/09\/aluguel-bicicleta-santarem-pa-alter-do-chao-120x66.png 120w, https:\/\/pedale.net.br\/blog\/wp-content\/uploads\/2023\/09\/aluguel-bicicleta-santarem-pa-alter-do-chao-90x49.png 90w, https:\/\/pedale.net.br\/blog\/wp-content\/uploads\/2023\/09\/aluguel-bicicleta-santarem-pa-alter-do-chao-320x175.png 320w, https:\/\/pedale.net.br\/blog\/wp-content\/uploads\/2023\/09\/aluguel-bicicleta-santarem-pa-alter-do-chao-560x306.png 560w, https:\/\/pedale.net.br\/blog\/wp-content\/uploads\/2023\/09\/aluguel-bicicleta-santarem-pa-alter-do-chao.png 1342w\" sizes=\"(max-width: 1160px) 100vw, 1160px\" \/><\/figure>\n\n\n\n<p>Uma vez l\u00e1, estacione sua bicicleta e aproveite para relaxar na Praia de Ponta de Pedras ou na Praia do Amor. Se estiver se sentindo aventureiro, voc\u00ea pode pegar uma canoa e visitar a Ilha do Amor, um local ainda mais isolado e intocado, onde voc\u00ea pode desfrutar da natureza em sua forma mais pura.<\/p>\n\n\n\n<p><strong>Floresta Nacional do Tapaj\u00f3s:<\/strong> Para os amantes da natureza, a Floresta Nacional do Tapaj\u00f3s \u00e9 um para\u00edso natural que pode ser facilmente explorado de bicicleta. H\u00e1 trilhas bem demarcadas que levam a cachoeiras escondidas, \u00e1rvores centen\u00e1rias e uma incr\u00edvel biodiversidade.<\/p>\n\n\n\n<p>Com a Pedale, o aluguel de bicicleta em Santar\u00e9m est\u00e1 acess\u00edvel na palma da sua m\u00e3o, e possibilita que voc\u00ea alugue uma bicicleta de montanha para enfrentar os desafios das trilhas. E a bike ainda chega no seu endere\u00e7o! \ud83d\udeb2\ud83d\udeb2<\/p>\n\n\n\n<p><strong>Centro Hist\u00f3rico de Santar\u00e9m:<\/strong> Pedale pelas ruas charmosas do centro hist\u00f3rico de Santar\u00e9m, onde voc\u00ea encontrar\u00e1 casar\u00f5es coloniais bem preservados e uma atmosfera encantadora. N\u00e3o deixe de visitar a Catedral de Nossa Senhora da Concei\u00e7\u00e3o, uma constru\u00e7\u00e3o imponente que \u00e9 um marco hist\u00f3rico da cidade.<\/p>\n\n\n\n<p><strong>Mercado Modelo:<\/strong> O Mercado Modelo de Santar\u00e9m \u00e9 um local imperd\u00edvel para mergulhar na cultura amaz\u00f4nica. Chegue l\u00e1 com sua bicicleta alugada e explore as barracas repletas de frutas ex\u00f3ticas, peixes frescos, artesanato local e muito mais. <\/p>\n\n\n\n<p>N\u00e3o perca a oportunidade de experimentar algumas das iguarias regionais, como o a\u00e7a\u00ed fresco ou um delicioso peixe amaz\u00f4nico grelhado. O Mercado Modelo \u00e9 um lugar onde voc\u00ea pode realmente se envolver com a cultura local e descobrir os sabores aut\u00eanticos da Amaz\u00f4nia.<\/p>\n\n\n\n<p><strong>P\u00f4r do Sol no Rio Amazonas:<\/strong> Termine o seu dia de pedalada em grande estilo, contemplando o espetacular p\u00f4r do sol sobre o Rio Amazonas. O cais de Santar\u00e9m \u00e9 o lugar perfeito para isso. Estacione sua bicicleta e relaxe enquanto o sol se p\u00f5e no horizonte, pintando o c\u00e9u com tons vibrantes.<\/p>\n\n\n\n<ol class=\"wp-block-list\"><\/ol>\n\n\n\n<h2 id=\"conclusao\" class=\"wp-block-heading\">Conclus\u00e3o<\/h2>\n\n\n\n<p>Santar\u00e9m \u00e9 uma cidade repleta de atra\u00e7\u00f5es incr\u00edveis e uma beleza natural deslumbrante. Pedalar por suas ruas e trilhas \u00e9 uma maneira \u00fanica de explorar todos os seus encantos. Com o aluguel de bicicleta em Santar\u00e9m atrav\u00e9s da plataforma Pedale, voc\u00ea tem a facilidade e a conveni\u00eancia necess\u00e1rias para aproveitar ao m\u00e1ximo sua visita. <\/p>\n\n\n\n<p>Portanto, n\u00e3o deixe de incluir o aluguel de bicicleta em Santar\u00e9m em seu itiner\u00e1rio e embarque em uma aventura memor\u00e1vel pela regi\u00e3o amaz\u00f4nica. Pedale e explore Santar\u00e9m sobre duas rodas!<\/p>\n","protected":false},"excerpt":{"rendered":"<p>O aluguel de bicicleta em Santar\u00e9m ficou mais pr\u00e1tico com a Pedale, a melhor amiga dos ciclistas! Somos uma plataforma de aluguel de bicicletas no estilo Airbnb. Em Santar\u00e9m, o&hellip;<\/p>\n","protected":false},"author":2,"featured_media":682,"comment_status":"open","ping_status":"open","sticky":false,"template":"","format":"standard","meta":{"footnotes":""},"categories":[18],"tags":[168,166,167,169],"powerkit_post_featured":[],"class_list":{"0":"post-681","1":"post","2":"type-post","3":"status-publish","4":"format-standard","5":"has-post-thumbnail","7":"category-dicas","8":"tag-alugar-bike-santarem","9":"tag-aluguel-bicicleta-santarem-pa","10":"tag-aluguel-bike-santarem-pa","11":"tag-locacao-bicicleta-santarem-pa"},"_links":{"self":[{"href":"https:\/\/pedale.net.br\/blog\/wp-json\/wp\/v2\/posts\/681","targetHints":{"allow":["GET"]}}],"collection":[{"href":"https:\/\/pedale.net.br\/blog\/wp-json\/wp\/v2\/posts"}],"about":[{"href":"https:\/\/pedale.net.br\/blog\/wp-json\/wp\/v2\/types\/post"}],"author":[{"embeddable":true,"href":"https:\/\/pedale.net.br\/blog\/wp-json\/wp\/v2\/users\/2"}],"replies":[{"embeddable":true,"href":"https:\/\/pedale.net.br\/blog\/wp-json\/wp\/v2\/comments?post=681"}],"version-history":[{"count":3,"href":"https:\/\/pedale.net.br\/blog\/wp-json\/wp\/v2\/posts\/681\/revisions"}],"predecessor-version":[{"id":686,"href":"https:\/\/pedale.net.br\/blog\/wp-json\/wp\/v2\/posts\/681\/revisions\/686"}],"wp:featuredmedia":[{"embeddable":true,"href":"https:\/\/pedale.net.br\/blog\/wp-json\/wp\/v2\/media\/682"}],"wp:attachment":[{"href":"https:\/\/pedale.net.br\/blog\/wp-json\/wp\/v2\/media?parent=681"}],"wp:term":[{"taxonomy":"category","embeddable":true,"href":"https:\/\/pedale.net.br\/blog\/wp-json\/wp\/v2\/categories?post=681"},{"taxonomy":"post_tag","embeddable":true,"href":"https:\/\/pedale.net.br\/blog\/wp-json\/wp\/v2\/tags?post=681"},{"taxonomy":"powerkit_post_featured","embeddable":true,"href":"https:\/\/pedale.net.br\/blog\/wp-json\/wp\/v2\/powerkit_post_featured?post=681"}],"curies":[{"name":"wp","href":"https:\/\/api.w.org\/{rel}","templated":true}]}}