{"id":537,"date":"2023-05-22T20:52:53","date_gmt":"2023-05-22T23:52:53","guid":{"rendered":"https:\/\/pedale.net.br\/blog\/?p=537"},"modified":"2023-10-31T14:07:48","modified_gmt":"2023-10-31T17:07:48","slug":"aluguel-de-bicicleta-em-santa-cruz-do-sul","status":"publish","type":"post","link":"https:\/\/pedale.net.br\/blog\/2023\/05\/22\/aluguel-de-bicicleta-em-santa-cruz-do-sul\/","title":{"rendered":"Aluguel de Bicicleta em Santa Cruz do Sul"},"content":{"rendered":"\n<p>A Pedale est\u00e1 presente nessa linda cidade e te ajuda com o aluguel de bicicleta em <a href=\"https:\/\/www.santacruz.rs.gov.br\/?utm_source=Blog+da+Pedale&utm_medium=Blog+da+Pedale&utm_campaign=Blog+da+Pedale\" target=\"_blank\" rel=\"noreferrer noopener\">Santa Cruz do Sul<\/a> para voc\u00ea conhecer os melhores lugares pedalando. Segue o link abaixo para ver a disponibilidade de bikes:<\/p>\n\n\n\n<div class=\"wp-block-buttons is-content-justification-center is-layout-flex wp-container-core-buttons-is-layout-16018d1d wp-block-buttons-is-layout-flex\">\n<div class=\"wp-block-button\"><a class=\"wp-block-button__link wp-element-button\" href=\"https:\/\/pedale.net.br\/bicicletas\/Santa-Cruz-do-Sul?utm_source=Post+SCS&utm_medium=Post+SCS&utm_campaign=Post+SCS\">ver bikes para alugar em santa cruz do sul<\/a><\/div>\n<\/div>\n\n\n\n<p>Cidade com belas paisagens, um interior recheado de lugar incr\u00edveis para conhecer, 18km de ciclovias, 130 mil habitantes, lugar ideal para conhecer pedalando.<\/p>\n\n\n\n<p>Localizada no estado do Rio Grande do Sul, a 150 km de Porto Alegre. Se voc\u00ea vai visitar ou est\u00e1 visitando Santa Cruz do Sul e quiser dar um passeio de bicicleta, aqui est\u00e3o algumas dicas de lugares para pedalar na cidade:<\/p>\n\n\n\n<h2 id=\"parque-da-gruta\" class=\"wp-block-heading\">Parque da Gruta<\/h2>\n\n\n\n<p>O Parque da Gruta \u00e9 um dos lugares mais populares para visitar em Santa Cruz do Sul. Est\u00e1 localizado pr\u00f3ximo de centro da cidade, ent\u00e3o \u00e9 bem f\u00e1cil chegar de bicicleta. O parque \u00e9 cercado por uma grande \u00e1rea verde e tem uma gruta natural que \u00e9 um ponto tur\u00edstico da cidade. O parque tem uma pista de corrida de 1 km, que pode ser usada para andar de bicicleta tamb\u00e9m.<\/p>\n\n\n\n<ol class=\"wp-block-list\"><\/ol>\n\n\n\n<figure class=\"wp-block-gallery has-nested-images columns-default is-cropped wp-block-gallery-1 is-layout-flex wp-block-gallery-is-layout-flex\">\n<figure class=\"wp-block-image size-large\"><img fetchpriority=\"high\" decoding=\"async\" width=\"1160\" height=\"1551\" data-id=\"541\" src=\"https:\/\/pedale.net.br\/blog\/wp-content\/uploads\/2023\/05\/Parque-da-Gruta-Santa-Cruz-do-Sul-Aluguel-de-Bicicleta-2-1160x1551.jpeg\" alt=\"alugar bicicleta santa cruz do sul\" class=\"wp-image-541\" srcset=\"https:\/\/pedale.net.br\/blog\/wp-content\/uploads\/2023\/05\/Parque-da-Gruta-Santa-Cruz-do-Sul-Aluguel-de-Bicicleta-2-1160x1551.jpeg 1160w, https:\/\/pedale.net.br\/blog\/wp-content\/uploads\/2023\/05\/Parque-da-Gruta-Santa-Cruz-do-Sul-Aluguel-de-Bicicleta-2-800x1069.jpeg 800w, https:\/\/pedale.net.br\/blog\/wp-content\/uploads\/2023\/05\/Parque-da-Gruta-Santa-Cruz-do-Sul-Aluguel-de-Bicicleta-2-1149x1536.jpeg 1149w, https:\/\/pedale.net.br\/blog\/wp-content\/uploads\/2023\/05\/Parque-da-Gruta-Santa-Cruz-do-Sul-Aluguel-de-Bicicleta-2-120x160.jpeg 120w, https:\/\/pedale.net.br\/blog\/wp-content\/uploads\/2023\/05\/Parque-da-Gruta-Santa-Cruz-do-Sul-Aluguel-de-Bicicleta-2-90x120.jpeg 90w, https:\/\/pedale.net.br\/blog\/wp-content\/uploads\/2023\/05\/Parque-da-Gruta-Santa-Cruz-do-Sul-Aluguel-de-Bicicleta-2-320x427.jpeg 320w, https:\/\/pedale.net.br\/blog\/wp-content\/uploads\/2023\/05\/Parque-da-Gruta-Santa-Cruz-do-Sul-Aluguel-de-Bicicleta-2-560x749.jpeg 560w, https:\/\/pedale.net.br\/blog\/wp-content\/uploads\/2023\/05\/Parque-da-Gruta-Santa-Cruz-do-Sul-Aluguel-de-Bicicleta-2.jpeg 1197w\" sizes=\"(max-width: 1160px) 100vw, 1160px\" \/><\/figure>\n\n\n\n<figure class=\"wp-block-image size-large\"><img decoding=\"async\" width=\"1160\" height=\"870\" data-id=\"540\" src=\"https:\/\/pedale.net.br\/blog\/wp-content\/uploads\/2023\/05\/Parque-da-Gruta-Santa-Cruz-do-Sul-Aluguel-de-Bicicleta-1160x870.jpg\" alt=\"alugar bicicleta santa cruz do sul\" class=\"wp-image-540\" srcset=\"https:\/\/pedale.net.br\/blog\/wp-content\/uploads\/2023\/05\/Parque-da-Gruta-Santa-Cruz-do-Sul-Aluguel-de-Bicicleta-1160x870.jpg 1160w, https:\/\/pedale.net.br\/blog\/wp-content\/uploads\/2023\/05\/Parque-da-Gruta-Santa-Cruz-do-Sul-Aluguel-de-Bicicleta-800x600.jpg 800w, https:\/\/pedale.net.br\/blog\/wp-content\/uploads\/2023\/05\/Parque-da-Gruta-Santa-Cruz-do-Sul-Aluguel-de-Bicicleta-320x240.jpg 320w, https:\/\/pedale.net.br\/blog\/wp-content\/uploads\/2023\/05\/Parque-da-Gruta-Santa-Cruz-do-Sul-Aluguel-de-Bicicleta-1536x1152.jpg 1536w, https:\/\/pedale.net.br\/blog\/wp-content\/uploads\/2023\/05\/Parque-da-Gruta-Santa-Cruz-do-Sul-Aluguel-de-Bicicleta-300x225.jpg 300w, https:\/\/pedale.net.br\/blog\/wp-content\/uploads\/2023\/05\/Parque-da-Gruta-Santa-Cruz-do-Sul-Aluguel-de-Bicicleta-120x90.jpg 120w, https:\/\/pedale.net.br\/blog\/wp-content\/uploads\/2023\/05\/Parque-da-Gruta-Santa-Cruz-do-Sul-Aluguel-de-Bicicleta-90x68.jpg 90w, https:\/\/pedale.net.br\/blog\/wp-content\/uploads\/2023\/05\/Parque-da-Gruta-Santa-Cruz-do-Sul-Aluguel-de-Bicicleta-560x420.jpg 560w, https:\/\/pedale.net.br\/blog\/wp-content\/uploads\/2023\/05\/Parque-da-Gruta-Santa-Cruz-do-Sul-Aluguel-de-Bicicleta.jpg 1600w\" sizes=\"(max-width: 1160px) 100vw, 1160px\" \/><\/figure>\n<\/figure>\n\n\n\n<h2 id=\"linha-santa-cruz\" class=\"wp-block-heading\">Linha Santa Cruz<\/h2>\n\n\n\n<p>A Linha Santa Cruz \u00e9 uma estrada que liga a cidade de Santa Cruz do Sul a outras cidades da regi\u00e3o. A estrada \u00e9 cercada por belas paisagens, incluindo campos verdes, florestas e rios. No inicio da Linha Santa Cruz possui uma ciclovia de 4 km, oferecendo um ambiente tranquilo para os ciclistas, e onde voc\u00ea poder\u00e1 admirar a bela paisagem.<\/p>\n\n\n\n<ol class=\"wp-block-list\" start=\"2\"><\/ol>\n\n\n\n<h2 id=\"ciclovia-comeca-no-centro-da-cidade\" class=\"wp-block-heading\">Ciclovia come\u00e7a no Centro da Cidade<\/h2>\n\n\n\n<p>Iniciando pela Rua Assis Brasil, seguindo em dire\u00e7\u00e3o a avenida Paul Harris, em dire\u00e7\u00e3o ao bairro Arroio Grande. Possui algumas interrup\u00e7\u00f5es mas segue pela Av. Deputado Euclydes Nicolau Kliemann, at\u00e9 chegar ao seu final em frente a Sede do Clube Alian\u00e7a, no Bairro Alian\u00e7a.<\/p>\n\n\n\n<ol class=\"wp-block-list\" start=\"3\"><\/ol>\n\n\n\n<figure class=\"wp-block-gallery has-nested-images columns-default is-cropped wp-block-gallery-2 is-layout-flex wp-block-gallery-is-layout-flex\">\n<figure class=\"wp-block-image size-large\"><img decoding=\"async\" width=\"1197\" height=\"1600\" data-id=\"544\" src=\"https:\/\/pedale.net.br\/blog\/wp-content\/uploads\/2023\/05\/Ciclovia-Santa-Cruz-do-Sul-Aluguel-de-Bicicleta-1-1.jpeg\" alt=\"aluguel de bicicleta em santa cruz do sul\" class=\"wp-image-544\"\/><figcaption class=\"wp-element-caption\">Rua Assis Brasil<\/figcaption><\/figure>\n\n\n\n<figure class=\"wp-block-image size-large\"><img loading=\"lazy\" decoding=\"async\" width=\"900\" height=\"1600\" data-id=\"543\" src=\"https:\/\/pedale.net.br\/blog\/wp-content\/uploads\/2023\/05\/Ciclovia-Santa-Cruz-do-Sul-Aluguel-de-Bicicleta.jpeg\" alt=\"\" class=\"wp-image-543\" srcset=\"https:\/\/pedale.net.br\/blog\/wp-content\/uploads\/2023\/05\/Ciclovia-Santa-Cruz-do-Sul-Aluguel-de-Bicicleta.jpeg 900w, https:\/\/pedale.net.br\/blog\/wp-content\/uploads\/2023\/05\/Ciclovia-Santa-Cruz-do-Sul-Aluguel-de-Bicicleta-800x1422.jpeg 800w, https:\/\/pedale.net.br\/blog\/wp-content\/uploads\/2023\/05\/Ciclovia-Santa-Cruz-do-Sul-Aluguel-de-Bicicleta-864x1536.jpeg 864w, https:\/\/pedale.net.br\/blog\/wp-content\/uploads\/2023\/05\/Ciclovia-Santa-Cruz-do-Sul-Aluguel-de-Bicicleta-120x213.jpeg 120w, https:\/\/pedale.net.br\/blog\/wp-content\/uploads\/2023\/05\/Ciclovia-Santa-Cruz-do-Sul-Aluguel-de-Bicicleta-90x160.jpeg 90w, https:\/\/pedale.net.br\/blog\/wp-content\/uploads\/2023\/05\/Ciclovia-Santa-Cruz-do-Sul-Aluguel-de-Bicicleta-320x569.jpeg 320w, https:\/\/pedale.net.br\/blog\/wp-content\/uploads\/2023\/05\/Ciclovia-Santa-Cruz-do-Sul-Aluguel-de-Bicicleta-560x996.jpeg 560w\" sizes=\"(max-width: 900px) 100vw, 900px\" \/><figcaption class=\"wp-element-caption\">av. Paul Harris<\/figcaption><\/figure>\n<\/figure>\n\n\n\n<p>A Pedale \u00e9 uma plataforma no estilo Airbnb, em parceria com anfitri\u00f5es locais, o aluguel de bicicleta em Santa Cruz do Sul est\u00e1 dispon\u00edvel com o objetivo que criar uma solu\u00e7\u00e3o em mobilidade sustent\u00e1vel, afinal, <strong>cidades inteligentes<\/strong> precisam desse servi\u00e7o funcionando para colaborar com o meio ambiente.<\/p>\n\n\n\n<h2 id=\"parque-da-oktoberfest\" class=\"wp-block-heading\">Parque da Oktoberfest<\/h2>\n\n\n\n<p>Com o aluguel de bicicleta em Santa Cruz do Sul, voc\u00ea consegue sentir o Parque da Oktoberfest de um jeito especial. \u00c9 conhecido por suas festas tem\u00e1ticas no m\u00eas de Outubro, mas tamb\u00e9m tem uma \u00e1rea verde com v\u00e1rios caminhos para andar de bicicleta. <\/p>\n\n\n\n<ol class=\"wp-block-list\" start=\"4\"><\/ol>\n\n\n\n<figure class=\"wp-block-gallery has-nested-images columns-default is-cropped wp-block-gallery-3 is-layout-flex wp-block-gallery-is-layout-flex\">\n<figure class=\"wp-block-image size-large\"><img loading=\"lazy\" decoding=\"async\" width=\"1160\" height=\"653\" data-id=\"547\" src=\"https:\/\/pedale.net.br\/blog\/wp-content\/uploads\/2023\/05\/Parque-da-Oktoberfest-Santa-Cruz-do-Sul-1-1-1160x653.jpeg\" alt=\"\" class=\"wp-image-547\" srcset=\"https:\/\/pedale.net.br\/blog\/wp-content\/uploads\/2023\/05\/Parque-da-Oktoberfest-Santa-Cruz-do-Sul-1-1-1160x653.jpeg 1160w, https:\/\/pedale.net.br\/blog\/wp-content\/uploads\/2023\/05\/Parque-da-Oktoberfest-Santa-Cruz-do-Sul-1-1-800x450.jpeg 800w, https:\/\/pedale.net.br\/blog\/wp-content\/uploads\/2023\/05\/Parque-da-Oktoberfest-Santa-Cruz-do-Sul-1-1-1536x864.jpeg 1536w, https:\/\/pedale.net.br\/blog\/wp-content\/uploads\/2023\/05\/Parque-da-Oktoberfest-Santa-Cruz-do-Sul-1-1-120x68.jpeg 120w, https:\/\/pedale.net.br\/blog\/wp-content\/uploads\/2023\/05\/Parque-da-Oktoberfest-Santa-Cruz-do-Sul-1-1-90x51.jpeg 90w, https:\/\/pedale.net.br\/blog\/wp-content\/uploads\/2023\/05\/Parque-da-Oktoberfest-Santa-Cruz-do-Sul-1-1-320x180.jpeg 320w, https:\/\/pedale.net.br\/blog\/wp-content\/uploads\/2023\/05\/Parque-da-Oktoberfest-Santa-Cruz-do-Sul-1-1-560x315.jpeg 560w, https:\/\/pedale.net.br\/blog\/wp-content\/uploads\/2023\/05\/Parque-da-Oktoberfest-Santa-Cruz-do-Sul-1-1.jpeg 1600w\" sizes=\"(max-width: 1160px) 100vw, 1160px\" \/><\/figure>\n\n\n\n<figure class=\"wp-block-image size-large\"><img loading=\"lazy\" decoding=\"async\" width=\"1160\" height=\"653\" data-id=\"548\" src=\"https:\/\/pedale.net.br\/blog\/wp-content\/uploads\/2023\/05\/Parque-da-Oktoberfest-Santa-Cruz-do-Sul-2-1160x653.jpeg\" alt=\"\" class=\"wp-image-548\" srcset=\"https:\/\/pedale.net.br\/blog\/wp-content\/uploads\/2023\/05\/Parque-da-Oktoberfest-Santa-Cruz-do-Sul-2-1160x653.jpeg 1160w, https:\/\/pedale.net.br\/blog\/wp-content\/uploads\/2023\/05\/Parque-da-Oktoberfest-Santa-Cruz-do-Sul-2-800x450.jpeg 800w, https:\/\/pedale.net.br\/blog\/wp-content\/uploads\/2023\/05\/Parque-da-Oktoberfest-Santa-Cruz-do-Sul-2-1536x864.jpeg 1536w, https:\/\/pedale.net.br\/blog\/wp-content\/uploads\/2023\/05\/Parque-da-Oktoberfest-Santa-Cruz-do-Sul-2-120x68.jpeg 120w, https:\/\/pedale.net.br\/blog\/wp-content\/uploads\/2023\/05\/Parque-da-Oktoberfest-Santa-Cruz-do-Sul-2-90x51.jpeg 90w, https:\/\/pedale.net.br\/blog\/wp-content\/uploads\/2023\/05\/Parque-da-Oktoberfest-Santa-Cruz-do-Sul-2-320x180.jpeg 320w, https:\/\/pedale.net.br\/blog\/wp-content\/uploads\/2023\/05\/Parque-da-Oktoberfest-Santa-Cruz-do-Sul-2-560x315.jpeg 560w, https:\/\/pedale.net.br\/blog\/wp-content\/uploads\/2023\/05\/Parque-da-Oktoberfest-Santa-Cruz-do-Sul-2.jpeg 1600w\" sizes=\"(max-width: 1160px) 100vw, 1160px\" \/><\/figure>\n<\/figure>\n\n\n\n<p>O parque \u00e9 cercado por uma paisagem natural muito bonita, incluindo \u00e1rvores e campos. Andar de bicicleta no Parque da Oktoberfest \u00e9 uma \u00f3tima maneira de desfrutar da paisagem e da cultura da regi\u00e3o.<\/p>\n\n\n\n<h2 id=\"estrada-da-linha-travessa\" class=\"wp-block-heading\">Estrada da Linha Travessa<\/h2>\n\n\n\n<p>A Estrada da Linha Travessa \u00e9 uma estrada rural, ideal para andar de bicicleta, pois tem menos movimento e oferece um ambiente tranquilo para os ciclistas. A estrada \u00e9 conhecida por sua beleza natural e \u00e9 uma \u00f3tima op\u00e7\u00e3o para quem quer desfrutar de uma paisagem incr\u00edvel enquanto pedala.<\/p>\n\n\n\n<ol class=\"wp-block-list\" start=\"5\"><\/ol>\n\n\n\n<ol class=\"wp-block-list\" start=\"5\"><\/ol>\n\n\n\n<h2 id=\"lago-dourado\" class=\"wp-block-heading\">Lago Dourado<\/h2>\n\n\n\n<p>Visitar o Lago Dourado \u00e9 uma \u00f3tima programa\u00e7\u00e3o. Com seus 120 hectares de espelho d\u00b4\u00e1gua, o local est\u00e1 localizado pr\u00f3ximo a divisa com a cidade de Vera Cruz. \u00c9 poss\u00edvel pedalar ao longo dos 6 km asfaltados de extens\u00e3o de suas margens com uma paisagem muito bonita. Um excelente local para treinar ou dar aquele rol\u00ea no final de semana.<\/p>\n\n\n<div class=\"wp-block-image\">\n<figure class=\"aligncenter size-full is-resized\"><img loading=\"lazy\" decoding=\"async\" width=\"574\" height=\"1020\" src=\"https:\/\/pedale.net.br\/blog\/wp-content\/uploads\/2023\/05\/Aluguel-bicicleta-santa-cruz-do-sul-lago-dourado.jpg\" alt=\"aluguel de bicicleta em Santa Cruz do Sul\" class=\"wp-image-792\" style=\"aspect-ratio:0.5627450980392157;width:271px;height:auto\" srcset=\"https:\/\/pedale.net.br\/blog\/wp-content\/uploads\/2023\/05\/Aluguel-bicicleta-santa-cruz-do-sul-lago-dourado.jpg 574w, https:\/\/pedale.net.br\/blog\/wp-content\/uploads\/2023\/05\/Aluguel-bicicleta-santa-cruz-do-sul-lago-dourado-120x213.jpg 120w, https:\/\/pedale.net.br\/blog\/wp-content\/uploads\/2023\/05\/Aluguel-bicicleta-santa-cruz-do-sul-lago-dourado-90x160.jpg 90w, https:\/\/pedale.net.br\/blog\/wp-content\/uploads\/2023\/05\/Aluguel-bicicleta-santa-cruz-do-sul-lago-dourado-320x569.jpg 320w, https:\/\/pedale.net.br\/blog\/wp-content\/uploads\/2023\/05\/Aluguel-bicicleta-santa-cruz-do-sul-lago-dourado-560x995.jpg 560w\" sizes=\"(max-width: 574px) 100vw, 574px\" \/><\/figure>\n<\/div>\n\n\n<h2 id=\"o-aluguel-de-bicicleta-em-santa-cruz-do-sul\" class=\"wp-block-heading\">O Aluguel de Bicicleta em Santa Cruz do Sul<\/h2>\n\n\n\n<p>A Pedale tem parceria com anfitri\u00f5es de bikes em Santa Cruz. Se voc\u00ea tem interesse em pedalar na regi\u00e3o, mas n\u00e3o tem bicicleta, a gente resolve esse problema! A plataforma funciona no estilo Airbnb. <a href=\"https:\/\/pedale.net.br\/bicicletas\/Santa-Cruz-do-Sul?utm_source=Post+SCS&utm_medium=Post+SCS&utm_campaign=Post+SCS\">Clique aqui para ver as bikes dispon\u00edveis na cidade<\/a> e curtir os trajetos:<\/p>\n\n\n\n<p>Concluindo, Santa Cruz do Sul \u00e9 uma cidade com uma rica hist\u00f3ria, cultura e beleza natural, tornando-a um \u00f3timo destino para quem gosta de andar de bicicleta. Se voc\u00ea estiver visitando a cidade e quiser fazer um passeio de bicicleta, estas s\u00e3o \u00f3timas dicas de lugares para pedalar usando o servi\u00e7o de aluguel de bicicleta em Santa Cruz do Sul.<\/p>\n\n\n\n<p>Conhe\u00e7a mais sobre a Pedale visitando esse post: <a href=\"https:\/\/pedale.net.br\/blog\/2022\/06\/29\/vamos-povoar-o-brasil-com-bikes-de-aluguel\/\">Bikes de Aluguel no Brasil<\/a><span contenteditable=\"false\" style=\"pointer-events:none;user-select:none;-webkit-user-select:none;-moz-user-select:none;-ms-user-select:none;\"><\/span><\/p>\n","protected":false},"excerpt":{"rendered":"<p>A Pedale est\u00e1 presente nessa linda cidade e te ajuda com o aluguel de bicicleta em Santa Cruz do Sul para voc\u00ea conhecer os melhores lugares pedalando. Segue o link&hellip;<\/p>\n","protected":false},"author":2,"featured_media":550,"comment_status":"open","ping_status":"open","sticky":false,"template":"","format":"standard","meta":{"footnotes":""},"categories":[18],"tags":[95,137,184,136,94,96],"powerkit_post_featured":[],"class_list":{"0":"post-537","1":"post","2":"type-post","3":"status-publish","4":"format-standard","5":"has-post-thumbnail","7":"category-dicas","8":"tag-alugar-bike-santa-cruz-do-sul","9":"tag-aluguel-bicicleta-santa-cruz-do-sul","10":"tag-aluguel-bike-santa-cruz-do-sul","11":"tag-aluguel-bike-scs","12":"tag-aluguel-de-bicicleta-santa-cruz-do-sul","13":"tag-locacao-bicicleta-santa-cruz"},"_links":{"self":[{"href":"https:\/\/pedale.net.br\/blog\/wp-json\/wp\/v2\/posts\/537","targetHints":{"allow":["GET"]}}],"collection":[{"href":"https:\/\/pedale.net.br\/blog\/wp-json\/wp\/v2\/posts"}],"about":[{"href":"https:\/\/pedale.net.br\/blog\/wp-json\/wp\/v2\/types\/post"}],"author":[{"embeddable":true,"href":"https:\/\/pedale.net.br\/blog\/wp-json\/wp\/v2\/users\/2"}],"replies":[{"embeddable":true,"href":"https:\/\/pedale.net.br\/blog\/wp-json\/wp\/v2\/comments?post=537"}],"version-history":[{"count":7,"href":"https:\/\/pedale.net.br\/blog\/wp-json\/wp\/v2\/posts\/537\/revisions"}],"predecessor-version":[{"id":795,"href":"https:\/\/pedale.net.br\/blog\/wp-json\/wp\/v2\/posts\/537\/revisions\/795"}],"wp:featuredmedia":[{"embeddable":true,"href":"https:\/\/pedale.net.br\/blog\/wp-json\/wp\/v2\/media\/550"}],"wp:attachment":[{"href":"https:\/\/pedale.net.br\/blog\/wp-json\/wp\/v2\/media?parent=537"}],"wp:term":[{"taxonomy":"category","embeddable":true,"href":"https:\/\/pedale.net.br\/blog\/wp-json\/wp\/v2\/categories?post=537"},{"taxonomy":"post_tag","embeddable":true,"href":"https:\/\/pedale.net.br\/blog\/wp-json\/wp\/v2\/tags?post=537"},{"taxonomy":"powerkit_post_featured","embeddable":true,"href":"https:\/\/pedale.net.br\/blog\/wp-json\/wp\/v2\/powerkit_post_featured?post=537"}],"curies":[{"name":"wp","href":"https:\/\/api.w.org\/{rel}","templated":true}]}}