{"id":422,"date":"2022-12-09T11:16:32","date_gmt":"2022-12-09T14:16:32","guid":{"rendered":"https:\/\/pedale.net.br\/blog\/?p=422"},"modified":"2022-12-09T11:16:33","modified_gmt":"2022-12-09T14:16:33","slug":"rota-do-vulcao-minas-gerais","status":"publish","type":"post","link":"https:\/\/pedale.net.br\/blog\/2022\/12\/09\/rota-do-vulcao-minas-gerais\/","title":{"rendered":"Rota do Vulc\u00e3o Minas Gerais"},"content":{"rendered":"\n<p>A Rota do Vulc\u00e3o em Minas Gerais \u00e9 o \u00fanico cicloturismo do mundo ao redor de uma caldeira vulc\u00e2nica!<\/p>\n\n\n\n<p>Praticar o ciclismo no estado de Minas Gerais \u00e9 poder ter o conhecimento da experi\u00eancia do cicloturismo por lindas paisagens como montanhas, cidades hist\u00f3ricas e vilarejos.<\/p>\n\n\n\n<p>O ciclismo \u00e9 uma das principais tend\u00eancias do turismo no mundo, e realiz\u00e1-lo em Minas Gerais \u00e9 um caso \u00e0 parte.<\/p>\n\n\n\n<p>O objetivo \u00e9 bem simples: pedalando voc\u00ea \u00e9 capaz de conhecer mais sobre a cidade e os pontos tur\u00edsticos presentes nela.<\/p>\n\n\n\n<p>O cicloturismo conecta seus praticantes a novas experi\u00eancias, em lugares com cultura e paisagens \u00fanicas, al\u00e9m de influenciar a pr\u00e1tica do ciclismo, esporte que traz diversos benef\u00edcios ao bem estar e sa\u00fade.<\/p>\n\n\n\n<h2 id=\"pedalando-por-minas-gerais\" class=\"wp-block-heading\">Pedalando por Minas Gerais<\/h2>\n\n\n\n<p>O estado de Minas Gerais \u00e9 respons\u00e1vel por paisagens exuberantes e \u00fanicas, que misturam a natureza e a cultura de vilarejos ao sossego e a beleza evidente das belas montanhas.<\/p>\n\n\n\n<p>Quer um convite melhor que esse para os amantes de esportes aventureiros?<\/p>\n\n\n\n<p>A bicicleta pode ser um \u00f3timo aliado para quem deseja viajar por Minas Gerais e conhecer o melhor que a cidade pode oferecer, visitando as cidades hist\u00f3ricas e tendo conhecimento com a cultura local.<\/p>\n\n\n\n<p>Se voc\u00ea pratica ciclismo ou tem vontade de praticar esse esporte, continue a leitura desse artigo e venha conhecer a\u00a0<strong>Rota do Vulc\u00e3o<\/strong>!<\/p>\n\n\n\n<h2 id=\"pedalando-na-rota-do-vulcao\" class=\"wp-block-heading\">Pedalando na Rota do Vulc\u00e3o<\/h2>\n\n\n\n<p>A\u00a0<strong>Rota do Vulc\u00e3o<\/strong>\u00a0\u00e9 o lugar ideal para os amantes do cicloturismo dentro das localidades mineiras.<\/p>\n\n\n\n<figure class=\"wp-block-image size-full\"><img fetchpriority=\"high\" decoding=\"async\" width=\"960\" height=\"720\" src=\"https:\/\/pedale.net.br\/blog\/wp-content\/uploads\/2022\/12\/Rota-do-Vulcao-Minas-Gerais-Pocos-de-Caldas-2-edited.jpeg\" alt=\"Rota do Vulc\u00e3o\" class=\"wp-image-433\" srcset=\"https:\/\/pedale.net.br\/blog\/wp-content\/uploads\/2022\/12\/Rota-do-Vulcao-Minas-Gerais-Pocos-de-Caldas-2-edited.jpeg 960w, https:\/\/pedale.net.br\/blog\/wp-content\/uploads\/2022\/12\/Rota-do-Vulcao-Minas-Gerais-Pocos-de-Caldas-2-edited-800x600.jpeg 800w, https:\/\/pedale.net.br\/blog\/wp-content\/uploads\/2022\/12\/Rota-do-Vulcao-Minas-Gerais-Pocos-de-Caldas-2-edited-320x240.jpeg 320w, https:\/\/pedale.net.br\/blog\/wp-content\/uploads\/2022\/12\/Rota-do-Vulcao-Minas-Gerais-Pocos-de-Caldas-2-edited-300x225.jpeg 300w, https:\/\/pedale.net.br\/blog\/wp-content\/uploads\/2022\/12\/Rota-do-Vulcao-Minas-Gerais-Pocos-de-Caldas-2-edited-120x90.jpeg 120w, https:\/\/pedale.net.br\/blog\/wp-content\/uploads\/2022\/12\/Rota-do-Vulcao-Minas-Gerais-Pocos-de-Caldas-2-edited-90x68.jpeg 90w, https:\/\/pedale.net.br\/blog\/wp-content\/uploads\/2022\/12\/Rota-do-Vulcao-Minas-Gerais-Pocos-de-Caldas-2-edited-560x420.jpeg 560w\" sizes=\"(max-width: 960px) 100vw, 960px\" \/><figcaption class=\"wp-element-caption\">Foto: Locbike Po\u00e7os<\/figcaption><\/figure>\n\n\n\n<p>A cidade de Po\u00e7os de Caldas \u00e9 ponto de partida da\u00a0<strong>Rota do Vulc\u00e3o<\/strong>, por\u00e9m, \u00e9 poss\u00edvel escolher outras cidades para iniciar a pedalada, visto que \u00e9 uma rota circular.<\/p>\n\n\n\n<p>Seu diferencial, que atrai muitos aventureiros curiosos, \u00e9 ser a \u00fanica rota mundial a ser realizada nos arredores de um vulc\u00e3o de mais de 80 milh\u00f5es de anos!<\/p>\n\n\n\n<p>Pedalando pela\u00a0<strong>Rota do Vulc\u00e3o<\/strong>\u00a0voc\u00ea ir\u00e1 conhecer lindas cachoeiras, cen\u00e1rios perfeitos para tirar fotos, diversas planta\u00e7\u00f5es em fazendas, al\u00e9m de igrejas e lagos.<\/p>\n\n\n\n<figure class=\"wp-block-image size-large\"><img decoding=\"async\" width=\"1160\" height=\"870\" src=\"https:\/\/pedale.net.br\/blog\/wp-content\/uploads\/2022\/12\/Rota-do-Vulcao-Minas-Gerais-Pocos-de-Caldas-1-1160x870.jpeg\" alt=\"Rota do Vulc\u00e3o\" class=\"wp-image-429\" srcset=\"https:\/\/pedale.net.br\/blog\/wp-content\/uploads\/2022\/12\/Rota-do-Vulcao-Minas-Gerais-Pocos-de-Caldas-1-1160x870.jpeg 1160w, https:\/\/pedale.net.br\/blog\/wp-content\/uploads\/2022\/12\/Rota-do-Vulcao-Minas-Gerais-Pocos-de-Caldas-1-800x600.jpeg 800w, https:\/\/pedale.net.br\/blog\/wp-content\/uploads\/2022\/12\/Rota-do-Vulcao-Minas-Gerais-Pocos-de-Caldas-1-320x240.jpeg 320w, https:\/\/pedale.net.br\/blog\/wp-content\/uploads\/2022\/12\/Rota-do-Vulcao-Minas-Gerais-Pocos-de-Caldas-1-300x225.jpeg 300w, https:\/\/pedale.net.br\/blog\/wp-content\/uploads\/2022\/12\/Rota-do-Vulcao-Minas-Gerais-Pocos-de-Caldas-1-120x90.jpeg 120w, https:\/\/pedale.net.br\/blog\/wp-content\/uploads\/2022\/12\/Rota-do-Vulcao-Minas-Gerais-Pocos-de-Caldas-1-90x68.jpeg 90w, https:\/\/pedale.net.br\/blog\/wp-content\/uploads\/2022\/12\/Rota-do-Vulcao-Minas-Gerais-Pocos-de-Caldas-1-560x420.jpeg 560w, https:\/\/pedale.net.br\/blog\/wp-content\/uploads\/2022\/12\/Rota-do-Vulcao-Minas-Gerais-Pocos-de-Caldas-1.jpeg 1280w\" sizes=\"(max-width: 1160px) 100vw, 1160px\" \/><figcaption class=\"wp-element-caption\">Foto: Locbike Po\u00e7os<\/figcaption><\/figure>\n\n\n\n<p>E, obviamente, fazer paradas para provar a comida mineira!<\/p>\n\n\n\n<p>Cada fragmento da\u00a0<strong>Rota do Vulc\u00e3o<\/strong>\u00a0tem cerca de 30 km de extens\u00e3o, onde \u00e9 poss\u00edvel fazer paradas em cidades da sua escolha.<\/p>\n\n\n\n<p>Uma novidade muito legal \u00e9 a possibilidade de adquirir um certificado de conclus\u00e3o ao final da\u00a0<strong>Rota do Vulc\u00e3o<\/strong>!<\/p>\n\n\n\n<h2 id=\"saiba-mais-sobre-a-rota-do-vulcao\" class=\"wp-block-heading\">Saiba mais sobre a Rota do Vulc\u00e3o<\/h2>\n\n\n\n<p>Algumas informa\u00e7\u00f5es adicionais que voc\u00ea deve saber sobre a\u00a0<strong>Rota do Vulc\u00e3o<\/strong>:<\/p>\n\n\n\n<ol class=\"wp-block-list\">\n<li>O ciclista vai pedalar por cerca de 350 km nos arredores de uma estrutura vulc\u00e2nica, com altitude acumulada podendo chegar a aproximadamente 9.500 metros.<\/li>\n\n\n\n<li>O trajeto foi todo sinalizado, \u00e9 poss\u00edvel que todos os ciclistas possam pedalar ao longo da rota. Basta seguir sempre pela estrada principal.<\/li>\n\n\n\n<li>Para completar a\u00a0<strong>Rota do Vulc\u00e3o<\/strong>\u00a0s\u00e3o necess\u00e1rios 8 dias, a depender de quais s\u00e3o os objetivos do cicloturista.<\/li>\n\n\n\n<li>Dentro da\u00a0<strong>Rota do Vulc\u00e3o<\/strong>\u00a0\u00e9 poss\u00edvel passar por outras rotas como a Rota do Caf\u00e9, Rota das Capelas, Caminho de Santa Rita e Caminho da F\u00e9.<\/li>\n\n\n\n<li>\u00c9 recomendado a utiliza\u00e7\u00e3o de aplicativos de localiza\u00e7\u00e3o e de GPS, mesmo a rota sendo toda sinalizada. \u00c9 aconselhado seguir as trilhas pelo aplicativo Wikloc.<\/li>\n<\/ol>\n\n\n\n<figure class=\"wp-block-image size-full\"><img decoding=\"async\" width=\"960\" height=\"720\" src=\"https:\/\/pedale.net.br\/blog\/wp-content\/uploads\/2022\/12\/Rota-do-Vulcao-Minas-Gerais-Pocos-de-Caldas-4-edited.jpeg\" alt=\"Rota do Vulc\u00e3o\" class=\"wp-image-434\" srcset=\"https:\/\/pedale.net.br\/blog\/wp-content\/uploads\/2022\/12\/Rota-do-Vulcao-Minas-Gerais-Pocos-de-Caldas-4-edited.jpeg 960w, https:\/\/pedale.net.br\/blog\/wp-content\/uploads\/2022\/12\/Rota-do-Vulcao-Minas-Gerais-Pocos-de-Caldas-4-edited-800x600.jpeg 800w, https:\/\/pedale.net.br\/blog\/wp-content\/uploads\/2022\/12\/Rota-do-Vulcao-Minas-Gerais-Pocos-de-Caldas-4-edited-320x240.jpeg 320w, https:\/\/pedale.net.br\/blog\/wp-content\/uploads\/2022\/12\/Rota-do-Vulcao-Minas-Gerais-Pocos-de-Caldas-4-edited-300x225.jpeg 300w, https:\/\/pedale.net.br\/blog\/wp-content\/uploads\/2022\/12\/Rota-do-Vulcao-Minas-Gerais-Pocos-de-Caldas-4-edited-120x90.jpeg 120w, https:\/\/pedale.net.br\/blog\/wp-content\/uploads\/2022\/12\/Rota-do-Vulcao-Minas-Gerais-Pocos-de-Caldas-4-edited-90x68.jpeg 90w, https:\/\/pedale.net.br\/blog\/wp-content\/uploads\/2022\/12\/Rota-do-Vulcao-Minas-Gerais-Pocos-de-Caldas-4-edited-560x420.jpeg 560w\" sizes=\"(max-width: 960px) 100vw, 960px\" \/><figcaption class=\"wp-element-caption\">Foto: Locbike Po\u00e7os<\/figcaption><\/figure>\n\n\n\n<h2 id=\"aluguel-de-bicicleta-para-rota-do-vulcao\" class=\"wp-block-heading\">Aluguel de bicicleta para Rota do Vulc\u00e3o<\/h2>\n\n\n\n<p>N\u00f3s da Pedale podemos te ajudar! Somos uma plataforma que aproxima quem deseja alugar uma bike dos donos das bikes! <\/p>\n\n\n\n<p>Clique no bot\u00e3o abaixo para ver as bikes de aluguel para esse <strong>cicloturismo<\/strong>. Nosso parceiro especialista na regi\u00e3o \u00e9 a Locbike Po\u00e7os. Eles fazem, inclusive, o receptivo na Rota do Vulc\u00e3o.<\/p>\n\n\n\n<div class=\"wp-block-group is-style-default\"><div class=\"wp-block-group__inner-container is-layout-constrained wp-block-group-is-layout-constrained\">\n<div class=\"wp-block-buttons is-content-justification-center is-layout-flex wp-container-core-buttons-is-layout-16018d1d wp-block-buttons-is-layout-flex\">\n<div class=\"wp-block-button\"><a class=\"wp-block-button__link wp-element-button\" href=\"https:\/\/pedale.net.br\/anunciante\/63500d5a074b5739ce1272ea?utm_source=RotaVulc%C3%A3oPost&utm_medium=RotaVulc%C3%A3oPost&utm_campaign=RotaVulc%C3%A3oPost\" target=\"_blank\" rel=\"noreferrer noopener\">ver bikes dispon\u00edveis<\/a><\/div>\n<\/div>\n<\/div><\/div>\n\n\n\n<p>Aproveite e conhe\u00e7a mais sobre a Pedale nos seguindo no\u00a0<a href=\"https:\/\/www.instagram.com\/vaidepedale\/\" target=\"_blank\" rel=\"noopener\">Instagram<\/a>\u00a0e visitando nosso site.<\/p>\n\n\n\n<p>Quer cadastrar a sua bicicleta? Na parte logada da plataforma voc\u00ea ter\u00e1 acesso ao cadastro da bike. Ou chama a gente no WhatsApp!<\/p>\n\n\n\n<div class=\"wp-block-buttons alignfull is-content-justification-center is-layout-flex wp-container-core-buttons-is-layout-16018d1d wp-block-buttons-is-layout-flex\">\n<div class=\"wp-block-button\"><a class=\"wp-block-button__link wp-element-button\" href=\"http:\/\/wa.me\/5551983599666\" target=\"_blank\" rel=\"noreferrer noopener\">Whatsapp pedale<\/a><\/div>\n<\/div>\n\n\n\n<p>No v\u00eddeo abaixo, o Canal Bike Chef fez \u00f3timas imagens das trilhas da Rota do Vulc\u00e3o.<\/p>\n\n\n\n<figure class=\"wp-block-embed is-type-video is-provider-youtube wp-block-embed-youtube wp-embed-aspect-16-9 wp-has-aspect-ratio\"><div class=\"wp-block-embed__wrapper\">\n<iframe title=\"A INCR\u00cdVEL ROTA DO VULC\u00c3O EM MINAS GERAIS | CANAL BIKE CHEF\" width=\"1160\" height=\"653\" src=\"https:\/\/www.youtube.com\/embed\/8FOmK13G7uQ?feature=oembed\" frameborder=\"0\" allow=\"accelerometer; autoplay; clipboard-write; encrypted-media; gyroscope; picture-in-picture\" allowfullscreen><\/iframe>\n<\/div><\/figure>\n\n\n\n<p>E a\u00ed, bora agendar o pedal na Rota do Vulc\u00e3o? \ud83d\udc4d<\/p>\n","protected":false},"excerpt":{"rendered":"<p>A Rota do Vulc\u00e3o em Minas Gerais \u00e9 o \u00fanico cicloturismo do mundo ao redor de uma caldeira vulc\u00e2nica! Praticar o ciclismo no estado de Minas Gerais \u00e9 poder ter&hellip;<\/p>\n","protected":false},"author":2,"featured_media":428,"comment_status":"open","ping_status":"open","sticky":false,"template":"","format":"standard","meta":{"footnotes":""},"categories":[18],"tags":[31,29,24,67,69,65,66],"powerkit_post_featured":[],"class_list":{"0":"post-422","1":"post","2":"type-post","3":"status-publish","4":"format-standard","5":"has-post-thumbnail","7":"category-dicas","8":"tag-alugar-bicicleta","9":"tag-aluguel-bike","10":"tag-aluguel-de-bicicleta","11":"tag-cicloturismo","12":"tag-pocos-de-caldas","13":"tag-rota-do-vulcao","14":"tag-rota-do-vulcao-minas-gerais"},"_links":{"self":[{"href":"https:\/\/pedale.net.br\/blog\/wp-json\/wp\/v2\/posts\/422","targetHints":{"allow":["GET"]}}],"collection":[{"href":"https:\/\/pedale.net.br\/blog\/wp-json\/wp\/v2\/posts"}],"about":[{"href":"https:\/\/pedale.net.br\/blog\/wp-json\/wp\/v2\/types\/post"}],"author":[{"embeddable":true,"href":"https:\/\/pedale.net.br\/blog\/wp-json\/wp\/v2\/users\/2"}],"replies":[{"embeddable":true,"href":"https:\/\/pedale.net.br\/blog\/wp-json\/wp\/v2\/comments?post=422"}],"version-history":[{"count":5,"href":"https:\/\/pedale.net.br\/blog\/wp-json\/wp\/v2\/posts\/422\/revisions"}],"predecessor-version":[{"id":436,"href":"https:\/\/pedale.net.br\/blog\/wp-json\/wp\/v2\/posts\/422\/revisions\/436"}],"wp:featuredmedia":[{"embeddable":true,"href":"https:\/\/pedale.net.br\/blog\/wp-json\/wp\/v2\/media\/428"}],"wp:attachment":[{"href":"https:\/\/pedale.net.br\/blog\/wp-json\/wp\/v2\/media?parent=422"}],"wp:term":[{"taxonomy":"category","embeddable":true,"href":"https:\/\/pedale.net.br\/blog\/wp-json\/wp\/v2\/categories?post=422"},{"taxonomy":"post_tag","embeddable":true,"href":"https:\/\/pedale.net.br\/blog\/wp-json\/wp\/v2\/tags?post=422"},{"taxonomy":"powerkit_post_featured","embeddable":true,"href":"https:\/\/pedale.net.br\/blog\/wp-json\/wp\/v2\/powerkit_post_featured?post=422"}],"curies":[{"name":"wp","href":"https:\/\/api.w.org\/{rel}","templated":true}]}}