{"id":408,"date":"2022-12-16T14:49:50","date_gmt":"2022-12-16T17:49:50","guid":{"rendered":"https:\/\/pedale.net.br\/blog\/?p=408"},"modified":"2024-03-20T12:12:47","modified_gmt":"2024-03-20T15:12:47","slug":"aluguel-de-bicicleta-em-belem","status":"publish","type":"post","link":"https:\/\/pedale.net.br\/blog\/2022\/12\/16\/aluguel-de-bicicleta-em-belem\/","title":{"rendered":"Aluguel de Bicicleta em Bel\u00e9m do Par\u00e1"},"content":{"rendered":"\n<p>Encontrar <strong>aluguel de bicicleta em Bel\u00e9m<\/strong> do Par\u00e1 agora \u00e9 bem simples! Depois de ler os locais em que voc\u00ea pode conhecer pedalando, tem um link para voc\u00ea ver as bikes dispon\u00edveis.<\/p>\n\n\n\n<p>Pedalar nessa cidade \u00e9 divino, porque associa seu esporte preferido com belas paisagens e pontos tur\u00edsticos \u201cde cair o queixo\u201d.<\/p>\n\n\n\n<p>O ciclismo \u00e9 um dos esportes mais prazerosos e f\u00e1ceis de praticar. Mexe com nosso corpo, limites s\u00e3o explorados e ainda nos coloca em contato com a natureza. Agora, imagine simplesmente\u00a0<a href=\"https:\/\/pedale.net.br\/blog\/2022\/06\/29\/vamos-povoar-o-brasil-com-bikes-de-aluguel\/\" target=\"_blank\" rel=\"noreferrer noopener\">alugar sua magrela<\/a>\u00a0em Bel\u00e9m e sair para trilhas e passeios? Aqui na Pedale isso \u00e9 poss\u00edvel, j\u00e1 vamos te contar\u2026<\/p>\n\n\n\n<div class=\"wp-block-group\"><div class=\"wp-block-group__inner-container is-layout-constrained wp-block-group-is-layout-constrained\">\n<figure class=\"wp-block-gallery has-nested-images columns-default is-cropped wp-block-gallery-1 is-layout-flex wp-block-gallery-is-layout-flex\">\n<figure class=\"wp-block-image size-large\"><img fetchpriority=\"high\" decoding=\"async\" width=\"768\" height=\"1024\" data-id=\"460\" src=\"https:\/\/pedale.net.br\/blog\/wp-content\/uploads\/2022\/12\/aluguel-bicicleta-belem-feliz-lusitania.jpeg\" alt=\"aluguel de bicicleta em bel\u00e9m\" class=\"wp-image-460\" srcset=\"https:\/\/pedale.net.br\/blog\/wp-content\/uploads\/2022\/12\/aluguel-bicicleta-belem-feliz-lusitania.jpeg 768w, https:\/\/pedale.net.br\/blog\/wp-content\/uploads\/2022\/12\/aluguel-bicicleta-belem-feliz-lusitania-120x160.jpeg 120w, https:\/\/pedale.net.br\/blog\/wp-content\/uploads\/2022\/12\/aluguel-bicicleta-belem-feliz-lusitania-90x120.jpeg 90w, https:\/\/pedale.net.br\/blog\/wp-content\/uploads\/2022\/12\/aluguel-bicicleta-belem-feliz-lusitania-320x427.jpeg 320w, https:\/\/pedale.net.br\/blog\/wp-content\/uploads\/2022\/12\/aluguel-bicicleta-belem-feliz-lusitania-560x747.jpeg 560w\" sizes=\"(max-width: 768px) 100vw, 768px\" \/><figcaption class=\"wp-element-caption\">Feliz Lusit\u00e2nia. Foto: Santiago Esportes<\/figcaption><\/figure>\n\n\n\n<figure class=\"wp-block-image size-large\"><img decoding=\"async\" width=\"575\" height=\"1024\" data-id=\"459\" src=\"https:\/\/pedale.net.br\/blog\/wp-content\/uploads\/2022\/12\/aluguel-bicicleta-belem-2.jpeg\" alt=\"aluguel de bicicleta em bel\u00e9m\" class=\"wp-image-459\" srcset=\"https:\/\/pedale.net.br\/blog\/wp-content\/uploads\/2022\/12\/aluguel-bicicleta-belem-2.jpeg 575w, https:\/\/pedale.net.br\/blog\/wp-content\/uploads\/2022\/12\/aluguel-bicicleta-belem-2-120x214.jpeg 120w, https:\/\/pedale.net.br\/blog\/wp-content\/uploads\/2022\/12\/aluguel-bicicleta-belem-2-90x160.jpeg 90w, https:\/\/pedale.net.br\/blog\/wp-content\/uploads\/2022\/12\/aluguel-bicicleta-belem-2-320x570.jpeg 320w, https:\/\/pedale.net.br\/blog\/wp-content\/uploads\/2022\/12\/aluguel-bicicleta-belem-2-560x997.jpeg 560w\" sizes=\"(max-width: 575px) 100vw, 575px\" \/><figcaption class=\"wp-element-caption\">Avenida Jo\u00e3o Paulo II. Foto: Santiago Esportes<\/figcaption><\/figure>\n<\/figure>\n<\/div><\/div>\n\n\n\n<p>O encanto e charme da regi\u00e3o amaz\u00f4nica de Bel\u00e9m do Par\u00e1 s\u00e3o um deslumbre a parte. Mas uma curiosidade \u00e9 que a cidade \u00e9 prop\u00edcia para a pr\u00e1tica do ciclismo. Por ser uma regi\u00e3o plana, ela oferece trilhas que v\u00e3o de baixas a altas intensidades.<\/p>\n\n\n\n<p>E \u00e9 por isso que listamos aqui alguns dos lugares preferidos dos amantes do esporte na cidade da cantora Gaby Amarantos.<\/p>\n\n\n\n<p>Ficou curiosa (o)? Ent\u00e3o vem com a gente! Veja algumas op\u00e7\u00f5es de locais para pedalar e depois como encontrar aluguel de bicicleta em Bel\u00e9m.<\/p>\n\n\n\n<h2 id=\"portal-da-amazonia\" class=\"wp-block-heading\">Portal da Amaz\u00f4nia<\/h2>\n\n\n\n<p>Esse \u00e9 o cart\u00e3o postal de Bel\u00e9m e voc\u00ea vai amar dar um passeio de bike por aqui.<\/p>\n\n\n\n<p>O Portal da Amaz\u00f4nia \u00e9 uma extens\u00e3o de 6 km da orla de Bel\u00e9m, percorre o Mangal das Gar\u00e7as e a Universidade Federal do Par\u00e1. Aqui voc\u00ea pode passear presenciando a movimenta\u00e7\u00e3o da praia, o nascer e p\u00f4r do sol e ainda fazer aquela parada em algum quiosque para relaxar. Um \u00f3timo programa para a fam\u00edlia ou amigos!<\/p>\n\n\n\n<figure class=\"wp-block-embed is-type-video is-provider-youtube wp-block-embed-youtube wp-embed-aspect-16-9 wp-has-aspect-ratio\"><div class=\"wp-block-embed__wrapper\">\n<iframe title=\"Portal da Amaz\u00f4nia \u2022 Bel\u00e9m do Par\u00e1 \u2022 Parte 1 \u2713 #drone #belem #para #belemdopara #amazonia #portal\" width=\"1160\" height=\"653\" src=\"https:\/\/www.youtube.com\/embed\/C_W7ugydwwg?feature=oembed\" frameborder=\"0\" allow=\"accelerometer; autoplay; clipboard-write; encrypted-media; gyroscope; picture-in-picture; web-share\" allowfullscreen><\/iframe>\n<\/div><\/figure>\n\n\n\n<p>Agora que \u00e9 poss\u00edvel encontrar aluguel de bicicleta em <strong><a href=\"https:\/\/pt.wikipedia.org\/wiki\/Bel%C3%A9m_(Par%C3%A1)\" target=\"_blank\" rel=\"noreferrer noopener\">Bel\u00e9m<\/a><\/strong> com facilidade, descubra essa cidade de um jeito leve e cheio da natureza amaz\u00f4nica.<\/p>\n\n\n\n<h2 id=\"universidade-federal-do-para-ufpa\" class=\"wp-block-heading\">Universidade Federal do Par\u00e1 (UFPA)<\/h2>\n\n\n\n<p>E por falar na UFPA, aqui tamb\u00e9m \u00e9 um local muito procurado por ciclistas, j\u00e1 que o campus possui ciclofaixas, tr\u00e2nsito tranquilo e ainda proporciona o contato direto com a Ba\u00eda do Guajar\u00e1.<\/p>\n\n\n\n<p>Por isso, se voc\u00ea procura por locais tranquilos para dar uma volta e ainda poder tirar aquela foto da ba\u00eda, encontrar\u00e1 na UFPA.<\/p>\n\n\n\n<h2 id=\"desbrave-a-cidade\" class=\"wp-block-heading\">Desbrave a cidade<\/h2>\n\n\n\n<p>Dentro da pr\u00f3pria cidade voc\u00ea tamb\u00e9m encontra trechos cheios de hist\u00f3ria para pedalar. Indicamos que voc\u00ea percorra a extens\u00e3o da cidade fazendo paradas em pontos hist\u00f3ricos como a Bas\u00edlica Nossa Senhora de Nazar\u00e9, a Casa das Onze Janelas (que conta ainda com um belo local de descanso e um caf\u00e9) e tamb\u00e9m a Catedral da S\u00e9.<\/p>\n\n\n\n<p>Com o aluguel de bicicleta em Bel\u00e9m o seu passeio ser\u00e1 pura divers\u00e3o!<\/p>\n\n\n\n<figure class=\"wp-block-gallery has-nested-images columns-default is-cropped wp-block-gallery-2 is-layout-flex wp-block-gallery-is-layout-flex\">\n<figure class=\"wp-block-image size-large\"><img decoding=\"async\" width=\"1160\" height=\"653\" data-id=\"464\" src=\"https:\/\/pedale.net.br\/blog\/wp-content\/uploads\/2022\/12\/aluguel-bike-belem-3-1160x653.jpg\" alt=\"aluguel de bicicleta em bel\u00e9m\" class=\"wp-image-464\" srcset=\"https:\/\/pedale.net.br\/blog\/wp-content\/uploads\/2022\/12\/aluguel-bike-belem-3-1160x653.jpg 1160w, https:\/\/pedale.net.br\/blog\/wp-content\/uploads\/2022\/12\/aluguel-bike-belem-3-800x450.jpg 800w, https:\/\/pedale.net.br\/blog\/wp-content\/uploads\/2022\/12\/aluguel-bike-belem-3-120x68.jpg 120w, https:\/\/pedale.net.br\/blog\/wp-content\/uploads\/2022\/12\/aluguel-bike-belem-3-90x51.jpg 90w, https:\/\/pedale.net.br\/blog\/wp-content\/uploads\/2022\/12\/aluguel-bike-belem-3-320x180.jpg 320w, https:\/\/pedale.net.br\/blog\/wp-content\/uploads\/2022\/12\/aluguel-bike-belem-3-560x315.jpg 560w, https:\/\/pedale.net.br\/blog\/wp-content\/uploads\/2022\/12\/aluguel-bike-belem-3.jpg 1447w\" sizes=\"(max-width: 1160px) 100vw, 1160px\" \/><figcaption class=\"wp-element-caption\">Foto: Erick Guimar\u00e3es<\/figcaption><\/figure>\n\n\n\n<figure class=\"wp-block-image size-large\"><img loading=\"lazy\" decoding=\"async\" width=\"1160\" height=\"652\" data-id=\"461\" src=\"https:\/\/pedale.net.br\/blog\/wp-content\/uploads\/2022\/12\/aluguel-de-bicicleta-em-belem-1160x652.jpeg\" alt=\"aluguel de bicicleta em bel\u00e9m\" class=\"wp-image-461\" srcset=\"https:\/\/pedale.net.br\/blog\/wp-content\/uploads\/2022\/12\/aluguel-de-bicicleta-em-belem-1160x652.jpeg 1160w, https:\/\/pedale.net.br\/blog\/wp-content\/uploads\/2022\/12\/aluguel-de-bicicleta-em-belem-800x450.jpeg 800w, https:\/\/pedale.net.br\/blog\/wp-content\/uploads\/2022\/12\/aluguel-de-bicicleta-em-belem-1536x863.jpeg 1536w, https:\/\/pedale.net.br\/blog\/wp-content\/uploads\/2022\/12\/aluguel-de-bicicleta-em-belem-120x67.jpeg 120w, https:\/\/pedale.net.br\/blog\/wp-content\/uploads\/2022\/12\/aluguel-de-bicicleta-em-belem-90x51.jpeg 90w, https:\/\/pedale.net.br\/blog\/wp-content\/uploads\/2022\/12\/aluguel-de-bicicleta-em-belem-320x180.jpeg 320w, https:\/\/pedale.net.br\/blog\/wp-content\/uploads\/2022\/12\/aluguel-de-bicicleta-em-belem-560x315.jpeg 560w, https:\/\/pedale.net.br\/blog\/wp-content\/uploads\/2022\/12\/aluguel-de-bicicleta-em-belem.jpeg 1600w\" sizes=\"(max-width: 1160px) 100vw, 1160px\" \/><figcaption class=\"wp-element-caption\">Foto: Santiago Esportes<\/figcaption><\/figure>\n<\/figure>\n\n\n\n<p>Pedale pela cidade e encontre as maravilhas da arquitetura, da cultura e ainda visite de maneira ecol\u00f3gica e agrad\u00e1vel os pontos tur\u00edsticos mais procurados em Bel\u00e9m. Nossa dica \u00e9 atravessar a cidade pela ciclovia da Avenida Jo\u00e3o Paulo II, que possui estrutura perfeita para voc\u00ea e sua magrela. O Parque estadual do Utinga tamb\u00e9m \u00e9 uma excelente op\u00e7\u00e3o de passeio.<\/p>\n\n\n\n<p>Al\u00e9m das nossas dicas, por ser uma cidade plana e prop\u00edcia para a pr\u00e1tica do ciclismo, voc\u00ea facilmente encontra grupos de trilhas e pedaladas pela cidade. Vale a pena participar, associando seu esporte favorito com o fazer novos amigos.<\/p>\n\n\n\n<figure class=\"wp-block-gallery has-nested-images columns-default is-cropped wp-block-gallery-3 is-layout-flex wp-block-gallery-is-layout-flex\">\n<figure class=\"wp-block-image size-large\"><img loading=\"lazy\" decoding=\"async\" width=\"768\" height=\"768\" data-id=\"454\" src=\"https:\/\/pedale.net.br\/blog\/wp-content\/uploads\/2022\/12\/aluguel-bicicleta-belem-parque-estadual-do-utinga-2-edited.jpeg\" alt=\"aluguel de bicicleta em bel\u00e9m\" class=\"wp-image-454\" srcset=\"https:\/\/pedale.net.br\/blog\/wp-content\/uploads\/2022\/12\/aluguel-bicicleta-belem-parque-estadual-do-utinga-2-edited.jpeg 768w, https:\/\/pedale.net.br\/blog\/wp-content\/uploads\/2022\/12\/aluguel-bicicleta-belem-parque-estadual-do-utinga-2-edited-80x80.jpeg 80w, https:\/\/pedale.net.br\/blog\/wp-content\/uploads\/2022\/12\/aluguel-bicicleta-belem-parque-estadual-do-utinga-2-edited-120x120.jpeg 120w, https:\/\/pedale.net.br\/blog\/wp-content\/uploads\/2022\/12\/aluguel-bicicleta-belem-parque-estadual-do-utinga-2-edited-90x90.jpeg 90w, https:\/\/pedale.net.br\/blog\/wp-content\/uploads\/2022\/12\/aluguel-bicicleta-belem-parque-estadual-do-utinga-2-edited-320x320.jpeg 320w, https:\/\/pedale.net.br\/blog\/wp-content\/uploads\/2022\/12\/aluguel-bicicleta-belem-parque-estadual-do-utinga-2-edited-560x560.jpeg 560w\" sizes=\"(max-width: 768px) 100vw, 768px\" \/><figcaption class=\"wp-element-caption\">Parque Estadual do Utinga. Foto: Santiago Esportes<\/figcaption><\/figure>\n\n\n\n<figure class=\"wp-block-image size-large\"><img loading=\"lazy\" decoding=\"async\" width=\"769\" height=\"1024\" data-id=\"456\" src=\"https:\/\/pedale.net.br\/blog\/wp-content\/uploads\/2022\/12\/aluguel-bicicleta-belem-parque-estadual-do-utinga.jpeg\" alt=\"aluguel de bicicleta em bel\u00e9m\" class=\"wp-image-456\" srcset=\"https:\/\/pedale.net.br\/blog\/wp-content\/uploads\/2022\/12\/aluguel-bicicleta-belem-parque-estadual-do-utinga.jpeg 769w, https:\/\/pedale.net.br\/blog\/wp-content\/uploads\/2022\/12\/aluguel-bicicleta-belem-parque-estadual-do-utinga-120x160.jpeg 120w, https:\/\/pedale.net.br\/blog\/wp-content\/uploads\/2022\/12\/aluguel-bicicleta-belem-parque-estadual-do-utinga-90x120.jpeg 90w, https:\/\/pedale.net.br\/blog\/wp-content\/uploads\/2022\/12\/aluguel-bicicleta-belem-parque-estadual-do-utinga-320x427.jpeg 320w, https:\/\/pedale.net.br\/blog\/wp-content\/uploads\/2022\/12\/aluguel-bicicleta-belem-parque-estadual-do-utinga-560x747.jpeg 560w\" sizes=\"(max-width: 769px) 100vw, 769px\" \/><figcaption class=\"wp-element-caption\">Parque Estadual do Utinga. Foto: Santiago Esportes<\/figcaption><\/figure>\n<\/figure>\n\n\n\n<h2 id=\"parque-do-utinga\" class=\"wp-block-heading\">Parque do Utinga<\/h2>\n\n\n\n<p>Se voc\u00ea contratou o servi\u00e7o de aluguel de bicicleta em Bel\u00e9m, o Parque Estadual do Utinga \u00e9 um lugar ideal para pedalar explorando a natureza. Com uma extensa rede de trilhas, os ciclistas podem desfrutar de um passeio cercado pela exuberante vegeta\u00e7\u00e3o amaz\u00f4nica. <\/p>\n\n\n<div class=\"wp-block-image\">\n<figure class=\"aligncenter size-large is-resized\"><img loading=\"lazy\" decoding=\"async\" width=\"1160\" height=\"766\" src=\"https:\/\/pedale.net.br\/blog\/wp-content\/uploads\/2022\/12\/parque-do-utinga-aluguel-bicicleta-belem-1160x766.jpg\" alt=\"aluguel de bicicleta em belem\" class=\"wp-image-855\" style=\"width:570px;height:auto\" srcset=\"https:\/\/pedale.net.br\/blog\/wp-content\/uploads\/2022\/12\/parque-do-utinga-aluguel-bicicleta-belem-1160x766.jpg 1160w, https:\/\/pedale.net.br\/blog\/wp-content\/uploads\/2022\/12\/parque-do-utinga-aluguel-bicicleta-belem-800x528.jpg 800w, https:\/\/pedale.net.br\/blog\/wp-content\/uploads\/2022\/12\/parque-do-utinga-aluguel-bicicleta-belem-120x79.jpg 120w, https:\/\/pedale.net.br\/blog\/wp-content\/uploads\/2022\/12\/parque-do-utinga-aluguel-bicicleta-belem-90x59.jpg 90w, https:\/\/pedale.net.br\/blog\/wp-content\/uploads\/2022\/12\/parque-do-utinga-aluguel-bicicleta-belem-320x211.jpg 320w, https:\/\/pedale.net.br\/blog\/wp-content\/uploads\/2022\/12\/parque-do-utinga-aluguel-bicicleta-belem-560x370.jpg 560w, https:\/\/pedale.net.br\/blog\/wp-content\/uploads\/2022\/12\/parque-do-utinga-aluguel-bicicleta-belem.jpg 1189w\" sizes=\"(max-width: 1160px) 100vw, 1160px\" \/><\/figure>\n<\/div>\n\n\n<p>O parque oferece diferentes percursos, desde trilhas mais leves e planas at\u00e9 desafios para os mais experientes. Al\u00e9m disso, os visitantes podem apreciar belas paisagens ao longo do caminho, como lagos e mirantes, proporcionando momentos de contempla\u00e7\u00e3o durante o passeio de bicicleta. <\/p>\n\n\n\n<p>Para quem busca uma experi\u00eancia \u00fanica de ecoturismo em meio \u00e0 biodiversidade da Amaz\u00f4nia, o Parque do Utinga \u00e9 o destino perfeito.<\/p>\n\n\n\n<figure class=\"wp-block-embed is-type-video is-provider-youtube wp-block-embed-youtube wp-embed-aspect-16-9 wp-has-aspect-ratio\"><div class=\"wp-block-embed__wrapper\">\n<iframe title=\"Manual do Utinga - O que fazer no parque?\" width=\"1160\" height=\"653\" src=\"https:\/\/www.youtube.com\/embed\/XJhY2APyXBE?feature=oembed\" frameborder=\"0\" allow=\"accelerometer; autoplay; clipboard-write; encrypted-media; gyroscope; picture-in-picture; web-share\" allowfullscreen><\/iframe>\n<\/div><\/figure>\n\n\n\n<h2 id=\"na-pedale-tem-aluguel-de-bicicleta-em-belem\" class=\"wp-block-heading\">Na Pedale Tem Aluguel de Bicicleta em Bel\u00e9m<\/h2>\n\n\n\n<p>Pedale foi pensada para que voc\u00ea possa conhecer seus destinos de maneira mais agrad\u00e1vel e vivenciar experi\u00eancias enriquecedoras de bicicleta. Ent\u00e3o,\u00a0<a href=\"https:\/\/pedale.net.br\/\" target=\"_blank\" rel=\"noreferrer noopener\">conhe\u00e7a nosso site<\/a>\u00a0e alugue sua magrela de forma simples! Clicanco no bot\u00e3o abaixo, voc\u00ea ser\u00e1 direcionado direto para as bikes cadastradas em Bel\u00e9m\/PA.<\/p>\n\n\n\n<div class=\"wp-block-buttons is-content-justification-center is-layout-flex wp-container-core-buttons-is-layout-16018d1d wp-block-buttons-is-layout-flex\">\n<div class=\"wp-block-button\"><a class=\"wp-block-button__link wp-element-button\" href=\"https:\/\/pedale.net.br\/bicicletas\/Bel%C3%A9m?utm_source=Post+Belem+Bikes&utm_medium=Post+Belem+Bikes&utm_campaign=Post+Belem+Bikes\" target=\"_blank\" rel=\"noreferrer noopener\">ver Bicicletas para alugar<\/a><\/div>\n<\/div>\n\n\n\n<p>Como voc\u00ea pode ver, Bel\u00e9m \u00e9 uma terra de encantos e possibilidades. \u00c9 imperd\u00edvel! Pegue sua bike e venha conhecer as belezas da regi\u00e3o.<\/p>\n\n\n\n<p>Lembre-se que, na Pedale, a disponibilidade de bicicletas depende das pessoas e neg\u00f3cios cadastrarem elas. Ent\u00e3o, se voc\u00ea tem uma bicicleta em casa, voc\u00ea tamb\u00e9m pode cadastrar ela para aluguel na sua cidade! \u00c9 um gesto incr\u00edvel e uma boa maneira de conhecer novas pessoas e proporcionar esse momento t\u00e3o divertido e saud\u00e1vel que \u00e9\u00a0<strong>andar de bicicleta<\/strong>!<\/p>\n\n\n\n<p>Tamb\u00e9m disponibilizamos o aluguel de bicicleta em Bel\u00e9m atrav\u00e9s de aplicativo Android, para melhorar ainda mais a sua experi\u00eancia!<\/p>\n\n\n\n<div class=\"wp-block-buttons is-content-justification-center is-layout-flex wp-container-core-buttons-is-layout-16018d1d wp-block-buttons-is-layout-flex\">\n<div class=\"wp-block-button\"><a class=\"wp-block-button__link wp-element-button\" href=\"https:\/\/play.google.com\/store\/apps\/details?id=br.net.pedale\" target=\"_blank\" rel=\"noreferrer noopener\">Baixar aplicativo na play store<\/a><\/div>\n<\/div>\n","protected":false},"excerpt":{"rendered":"<p>Encontrar aluguel de bicicleta em Bel\u00e9m do Par\u00e1 agora \u00e9 bem simples! Depois de ler os locais em que voc\u00ea pode conhecer pedalando, tem um link para voc\u00ea ver as&hellip;<\/p>\n","protected":false},"author":2,"featured_media":859,"comment_status":"open","ping_status":"open","sticky":false,"template":"","format":"standard","meta":{"footnotes":""},"categories":[18],"tags":[185,59,75,186,74,187,60],"powerkit_post_featured":[],"class_list":{"0":"post-408","1":"post","2":"type-post","3":"status-publish","4":"format-standard","5":"has-post-thumbnail","7":"category-dicas","8":"tag-alugar-bike-belem-pa","9":"tag-aluguel-bicicleta-belem","10":"tag-aluguel-bike-belem","11":"tag-aluguel-bike-belem-pa","12":"tag-belem-do-para","13":"tag-locacao-bicicleta-belem-pa","14":"tag-onde-pedalar-em-belem"},"_links":{"self":[{"href":"https:\/\/pedale.net.br\/blog\/wp-json\/wp\/v2\/posts\/408","targetHints":{"allow":["GET"]}}],"collection":[{"href":"https:\/\/pedale.net.br\/blog\/wp-json\/wp\/v2\/posts"}],"about":[{"href":"https:\/\/pedale.net.br\/blog\/wp-json\/wp\/v2\/types\/post"}],"author":[{"embeddable":true,"href":"https:\/\/pedale.net.br\/blog\/wp-json\/wp\/v2\/users\/2"}],"replies":[{"embeddable":true,"href":"https:\/\/pedale.net.br\/blog\/wp-json\/wp\/v2\/comments?post=408"}],"version-history":[{"count":11,"href":"https:\/\/pedale.net.br\/blog\/wp-json\/wp\/v2\/posts\/408\/revisions"}],"predecessor-version":[{"id":858,"href":"https:\/\/pedale.net.br\/blog\/wp-json\/wp\/v2\/posts\/408\/revisions\/858"}],"wp:featuredmedia":[{"embeddable":true,"href":"https:\/\/pedale.net.br\/blog\/wp-json\/wp\/v2\/media\/859"}],"wp:attachment":[{"href":"https:\/\/pedale.net.br\/blog\/wp-json\/wp\/v2\/media?parent=408"}],"wp:term":[{"taxonomy":"category","embeddable":true,"href":"https:\/\/pedale.net.br\/blog\/wp-json\/wp\/v2\/categories?post=408"},{"taxonomy":"post_tag","embeddable":true,"href":"https:\/\/pedale.net.br\/blog\/wp-json\/wp\/v2\/tags?post=408"},{"taxonomy":"powerkit_post_featured","embeddable":true,"href":"https:\/\/pedale.net.br\/blog\/wp-json\/wp\/v2\/powerkit_post_featured?post=408"}],"curies":[{"name":"wp","href":"https:\/\/api.w.org\/{rel}","templated":true}]}}