{"id":359,"date":"2022-08-10T14:28:20","date_gmt":"2022-08-10T17:28:20","guid":{"rendered":"https:\/\/pedale.net.br\/blog\/?p=359"},"modified":"2023-10-31T16:24:06","modified_gmt":"2023-10-31T19:24:06","slug":"6-acessorios-de-ciclismo","status":"publish","type":"post","link":"https:\/\/pedale.net.br\/blog\/2022\/08\/10\/6-acessorios-de-ciclismo\/","title":{"rendered":"6 Acess\u00f3rios de Ciclismo"},"content":{"rendered":"\n<p>Conhecer os\u00a0<strong>acess\u00f3rios de ciclismo fundamentais para a sua pedalada<\/strong>\u00a0\u00e9 essencial para a sua seguran\u00e7a e conforto no trajeto. Saber exatamente o que levar \u00e9 muito importante para que os imprevistos sejam evitados a todo custo.<\/p>\n\n\n\n<p>E, muitas vezes, a simples presen\u00e7a do equipamento correto pode acabar salvando a sua vida, como \u00e9 o caso dos acess\u00f3rios de seguran\u00e7a. Por isso, \u00e9 sempre bom estar portando alguns dos objetos que listamos em nosso artigo.<\/p>\n\n\n\n<p>Se voc\u00ea tem interesse em conhecer 6 acess\u00f3rios fundamentais para a sua pedalada, n\u00e3o deixe de ler o texto que preparamos a seguir!<\/p>\n\n\n\n<h2 id=\"acessorios-de-ciclismo-fundamentais-para-a-sua-seguranca\" class=\"wp-block-heading\">Acess\u00f3rios de ciclismo fundamentais para a sua seguran\u00e7a<\/h2>\n\n\n\n<p>Os acess\u00f3rios para ciclismo s\u00e3o componentes fundamentais para garantir tanto a seguran\u00e7a quanto o desempenho do ciclista. Dentre os diversos equipamentos dispon\u00edveis, destacam-se:<\/p>\n\n\n\n<ul class=\"wp-block-list\">\n<li>Capacete;<\/li>\n\n\n\n<li>\u00d3culos;<\/li>\n\n\n\n<li>Luvas;<\/li>\n\n\n\n<li>Garrafa de \u00c1gua (Caramanhola);<\/li>\n\n\n\n<li>Bolsa;<\/li>\n\n\n\n<li>Ilumina\u00e7\u00e3o.<\/li>\n<\/ul>\n\n\n\n<p>Estar preparado para qualquer tipo de situa\u00e7\u00e3o durante a pedalada \u00e9 essencial para garantir um bom trajeto. E por esse motivo, \u00e9 sempre interessante estar com alguns mantimentos, o que te ajuda a\u00a0<strong>manter a sa\u00fade em dia<\/strong>\u00a0durante a pr\u00e1tica de exerc\u00edcio.<\/p>\n\n\n\n<h2 id=\"capacete\" class=\"wp-block-heading\">Capacete<\/h2>\n\n\n\n<p>O capacete \u00e9 uma pe\u00e7a fundamental para proteger a cabe\u00e7a em caso de quedas e colis\u00f5es. Os acess\u00f3rios para ciclismo devem sempre incluir um capacete de boa qualidade, ajust\u00e1vel e com boa ventila\u00e7\u00e3o para garantir conforto durante longos percursos. Optar por um capacete que atenda aos padr\u00f5es de seguran\u00e7a estabelecidos \u00e9 essencial para assegurar a prote\u00e7\u00e3o adequada do ciclista em diversas situa\u00e7\u00f5es.<\/p>\n\n\n\n<h2 id=\"oculos\" class=\"wp-block-heading\">\u00d3culos<\/h2>\n\n\n\n<p>Os \u00f3culos s\u00e3o acess\u00f3rios de ciclismo que oferecem prote\u00e7\u00e3o adicional contra os raios solares, poeira e insetos. \u00d3culos com lentes resistentes a impactos e com prote\u00e7\u00e3o UV s\u00e3o essenciais para garantir uma vis\u00e3o clara e protegida durante os passeios ou competi\u00e7\u00f5es. Escolher \u00f3culos com boa ventila\u00e7\u00e3o e ajuste confort\u00e1vel \u00e9 fundamental para evitar desconfortos e garantir uma experi\u00eancia agrad\u00e1vel durante o pedal.<\/p>\n\n\n\n<p>Uma dica que deixamos aqui \u00e9 para voc\u00ea avaliar aqueles \u00f3culos que mudam a intensidade da lente conforme a claridade, variando aproximadamente 4 tons, de transparente at\u00e9 escuro. Com esse recurso, voc\u00ea poder\u00e1 utilizar o mesmo \u00f3culos para os dias nublados e pedais noturnos.<\/p>\n\n\n\n<h2 id=\"luvas\" class=\"wp-block-heading\">Luvas<\/h2>\n\n\n\n<p>Esses acess\u00f3rios de ciclismo desempenham um papel crucial na prote\u00e7\u00e3o das m\u00e3os contra o atrito, impactos e vibra\u00e7\u00f5es provenientes da estrada. Optar por luvas com acolchoamento adequado e tecidos respir\u00e1veis proporciona conforto e ader\u00eancia, al\u00e9m de reduzir a fadiga das m\u00e3os durante pedaladas prolongadas. <\/p>\n\n\n\n<p>As luvas tamb\u00e9m ajudam a absorver o suor, mantendo as m\u00e3os secas e proporcionando um melhor controle da bicicleta em diferentes condi\u00e7\u00f5es clim\u00e1ticas.<\/p>\n\n\n\n<h2 id=\"garrafa-de-agua-caramanhola\" class=\"wp-block-heading\">Garrafa de \u00c1gua (Caramanhola)<\/h2>\n\n\n\n<p>Um dos equipamentos que n\u00e3o podem faltar \u00e9 a garrafa de \u00e1gua e o <strong>suporte para garrafa de \u00e1gua<\/strong>. Estar com esse equipamento em seu suporte te ajuda a se hidratar, e evita com que o seu corpo sinta o impacto de uma pedalada.<\/p>\n\n\n\n<p>A escolha de uma garrafa com isolamento t\u00e9rmico tamb\u00e9m \u00e9 recomendada para manter a temperatura da \u00e1gua em dias quentes ou frios.<\/p>\n\n\n\n<p>Dependendo do n\u00edvel de esfor\u00e7o e a dist\u00e2ncia a ser percorrida, vale a pena ter por perto uma mochila de hidrata\u00e7\u00e3o. Nela, voc\u00ea poder\u00e1 levar uma quantidade de \u00e1gua extra, al\u00e9m de alimentos. Esse acess\u00f3rio tamb\u00e9m pode carregar rem\u00e9dios e outros mantimentos que ajudem na manuten\u00e7\u00e3o da sa\u00fade.<\/p>\n\n\n\n<p>Se voc\u00ea est\u00e1 come\u00e7ando a pedalar, a dica \u00e9 comprar primeiro uma caramanhola para depois pensar na mochila de hidrata\u00e7\u00e3o. <\/p>\n\n\n\n<h2 id=\"bolsa\" class=\"wp-block-heading\">Bolsa<\/h2>\n\n\n\n<p>As bolsas s\u00e3o acess\u00f3rios de ciclismo essencial para armazenar ferramentas, alimentos e itens pessoais durante os passeios. Optar por uma bolsa leve, resistente \u00e0 \u00e1gua e de f\u00e1cil instala\u00e7\u00e3o na bicicleta proporciona praticidade e conveni\u00eancia ao ciclista. <\/p>\n\n\n\n<p>Bolsas com compartimentos internos e externos bem distribu\u00eddos facilitam o acesso r\u00e1pido a itens essenciais, como chaves, telefone celular e alimentos energ\u00e9ticos, sem comprometer o equil\u00edbrio ou a estabilidade da bicicleta.<\/p>\n\n\n\n<p>Existem v\u00e1rios tipos, entre elas de quadro, de selim, de guid\u00e3o, analise a que mais combina com a sua necessidade. Se voc\u00ea for iniciante n\u00e3o se preocupe muito, certamente ir\u00e1 ter uma de cada modelo ao longo do tempo.<\/p>\n\n\n\n<h2 id=\"iluminacao\" class=\"wp-block-heading\">Ilumina\u00e7\u00e3o<\/h2>\n\n\n\n<p>Investir em sistemas de ilumina\u00e7\u00e3o adequados \u00e9 crucial para garantir a seguran\u00e7a durante as pedaladas, mesmo durante o dia. Nesses acess\u00f3rios de ciclismo incluem far\u00f3is dianteiros e luzes traseiras, que ajudam a aumentar a visibilidade do ciclista e garantem que os outros usu\u00e1rios da estrada o vejam claramente. <\/p>\n\n\n\n<p>Optar por luzes com diferentes modos de ilumina\u00e7\u00e3o e baterias recarreg\u00e1veis proporciona versatilidade e economia a longo prazo.<\/p>\n\n\n\n<p>Existem algumas lanternas dianteira que tamb\u00e9m servem de power bank, ou seja, se voc\u00ea ficar sem bateria no celular, a bateria da lanterna pode te dar energia extra.<\/p>\n\n\n\n<p>Se voc\u00ea gostou de nos acompanhar, n\u00e3o deixe de seguir o nosso perfil no <a href=\"https:\/\/www.instagram.com\/vaidepedale\/\" target=\"_blank\" rel=\"noreferrer noopener\">Instagram @vaidepedale!<\/a><\/p>\n\n\n\n<p>Aproveite para ler sobre os <a href=\"https:\/\/pedale.net.br\/blog\/2022\/07\/07\/beneficios-da-bike-compartilhada\/\" target=\"_blank\" rel=\"noreferrer noopener\">benef\u00edcios da bike compartilhada<\/a> aqui mesmo no blog.<\/p>\n","protected":false},"excerpt":{"rendered":"<p>Conhecer os\u00a0acess\u00f3rios de ciclismo fundamentais para a sua pedalada\u00a0\u00e9 essencial para a sua seguran\u00e7a e conforto no trajeto. Saber exatamente o que levar \u00e9 muito importante para que os imprevistos&hellip;<\/p>\n","protected":false},"author":2,"featured_media":360,"comment_status":"open","ping_status":"open","sticky":false,"template":"","format":"standard","meta":{"footnotes":""},"categories":[18],"tags":[46,209,49,48,50,22,210,47],"powerkit_post_featured":[],"class_list":{"0":"post-359","1":"post","2":"type-post","3":"status-publish","4":"format-standard","5":"has-post-thumbnail","7":"category-dicas","8":"tag-acessorios-ciclismo","9":"tag-bolsa-ciclismo","10":"tag-capacete-ciclismo","11":"tag-garrafa-ciclismo","12":"tag-iluminacao-ciclismo","13":"tag-mountain-bike","14":"tag-oculos-ciclismo","15":"tag-roupa-ciclismo"},"_links":{"self":[{"href":"https:\/\/pedale.net.br\/blog\/wp-json\/wp\/v2\/posts\/359","targetHints":{"allow":["GET"]}}],"collection":[{"href":"https:\/\/pedale.net.br\/blog\/wp-json\/wp\/v2\/posts"}],"about":[{"href":"https:\/\/pedale.net.br\/blog\/wp-json\/wp\/v2\/types\/post"}],"author":[{"embeddable":true,"href":"https:\/\/pedale.net.br\/blog\/wp-json\/wp\/v2\/users\/2"}],"replies":[{"embeddable":true,"href":"https:\/\/pedale.net.br\/blog\/wp-json\/wp\/v2\/comments?post=359"}],"version-history":[{"count":3,"href":"https:\/\/pedale.net.br\/blog\/wp-json\/wp\/v2\/posts\/359\/revisions"}],"predecessor-version":[{"id":799,"href":"https:\/\/pedale.net.br\/blog\/wp-json\/wp\/v2\/posts\/359\/revisions\/799"}],"wp:featuredmedia":[{"embeddable":true,"href":"https:\/\/pedale.net.br\/blog\/wp-json\/wp\/v2\/media\/360"}],"wp:attachment":[{"href":"https:\/\/pedale.net.br\/blog\/wp-json\/wp\/v2\/media?parent=359"}],"wp:term":[{"taxonomy":"category","embeddable":true,"href":"https:\/\/pedale.net.br\/blog\/wp-json\/wp\/v2\/categories?post=359"},{"taxonomy":"post_tag","embeddable":true,"href":"https:\/\/pedale.net.br\/blog\/wp-json\/wp\/v2\/tags?post=359"},{"taxonomy":"powerkit_post_featured","embeddable":true,"href":"https:\/\/pedale.net.br\/blog\/wp-json\/wp\/v2\/powerkit_post_featured?post=359"}],"curies":[{"name":"wp","href":"https:\/\/api.w.org\/{rel}","templated":true}]}}