{"id":1,"date":"2021-08-18T14:10:17","date_gmt":"2021-08-18T17:10:17","guid":{"rendered":"https:\/\/pedale.net.br\/blog\/?p=1"},"modified":"2022-06-09T16:00:11","modified_gmt":"2022-06-09T19:00:11","slug":"ola-somos-a-pedale","status":"publish","type":"post","link":"https:\/\/pedale.net.br\/blog\/2021\/08\/18\/ola-somos-a-pedale\/","title":{"rendered":"Ol\u00e1, n\u00f3s somos a Pedale!"},"content":{"rendered":"\n<p>A gente acredita que a bicicleta \u00e9 mais que um mero meio de transporte. \u00c9 uma forma de encontrar sa\u00fade e bem estar. De conciliar mobilidade e cuidado com o meio ambiente.<\/p>\n\n\n\n<p>A <a href=\"https:\/\/pedale.net.br\/\">Pedale<\/a> \u00e9 uma plataforma digital de aluguel de bicicletas atrav\u00e9s da intera\u00e7\u00e3o direta entre o dono da bike e quem deseja pedalar. Um meio sustent\u00e1vel de garantir mobilidade de forma descomplicada, al\u00e9m de gerar renda extra aos anunciantes da plataforma.<\/p>\n\n\n\n<p>A Pedale surgiu do desejo sincero de viabilizar uma ferramenta em que todos possam encontrar uma bike por perto para dar uma volta. Por meio de uma plataforma pr\u00e1tica e segura, busca possibilitar o compartilhamento de bicicletas em qualquer canto do pa\u00eds, proporcionando mobilidade aos usu\u00e1rios. Seu objetivo \u00e9 atender aquela vontade de pedalar nos locais mais distantes e variados, mas sem ter que \u201ccarregar a bike nas costas\u201d.<\/p>\n\n\n\n<p><\/p>\n\n\n\n<figure class=\"wp-block-image size-full\"><img fetchpriority=\"high\" decoding=\"async\" width=\"1052\" height=\"700\" src=\"https:\/\/pedale.net.br\/blog\/wp-content\/uploads\/2021\/08\/photo-1517947424316-44ea5adf6493.jpeg\" alt=\"\" class=\"wp-image-191\" srcset=\"https:\/\/pedale.net.br\/blog\/wp-content\/uploads\/2021\/08\/photo-1517947424316-44ea5adf6493.jpeg 1052w, https:\/\/pedale.net.br\/blog\/wp-content\/uploads\/2021\/08\/photo-1517947424316-44ea5adf6493-800x532.jpeg 800w, https:\/\/pedale.net.br\/blog\/wp-content\/uploads\/2021\/08\/photo-1517947424316-44ea5adf6493-120x80.jpeg 120w, https:\/\/pedale.net.br\/blog\/wp-content\/uploads\/2021\/08\/photo-1517947424316-44ea5adf6493-90x60.jpeg 90w, https:\/\/pedale.net.br\/blog\/wp-content\/uploads\/2021\/08\/photo-1517947424316-44ea5adf6493-320x213.jpeg 320w, https:\/\/pedale.net.br\/blog\/wp-content\/uploads\/2021\/08\/photo-1517947424316-44ea5adf6493-560x373.jpeg 560w\" sizes=\"(max-width: 1052px) 100vw, 1052px\" \/><\/figure>\n\n\n\n<p>Mais do que tudo, a Pedale espera proporcionar bons momentos e viabilizar a conex\u00e3o de pessoas. Quer que todos sintam a cidade e a natureza ao seu redor e, \u00e9 claro, com mais bicicletas nas ruas.<\/p>\n\n\n\n<p><\/p>\n\n\n\n<div class=\"wp-block-buttons is-layout-flex wp-block-buttons-is-layout-flex\">\n<div class=\"wp-block-button\"><a class=\"wp-block-button__link\" href=\"https:\/\/pedale.net.br\/\">Conhe\u00e7a a Pedale<\/a><\/div>\n<\/div>\n\n\n\n<p><\/p>\n","protected":false},"excerpt":{"rendered":"<p>A gente acredita que a bicicleta \u00e9 mais que um mero meio de transporte. \u00c9 uma forma de encontrar sa\u00fade e bem estar. De conciliar mobilidade e cuidado com o&hellip;<\/p>\n","protected":false},"author":2,"featured_media":195,"comment_status":"open","ping_status":"open","sticky":true,"template":"","format":"standard","meta":{"footnotes":""},"categories":[1],"tags":[],"powerkit_post_featured":[6],"class_list":{"0":"post-1","1":"post","2":"type-post","3":"status-publish","4":"format-standard","5":"has-post-thumbnail","7":"category-o-negocio"},"_links":{"self":[{"href":"https:\/\/pedale.net.br\/blog\/wp-json\/wp\/v2\/posts\/1","targetHints":{"allow":["GET"]}}],"collection":[{"href":"https:\/\/pedale.net.br\/blog\/wp-json\/wp\/v2\/posts"}],"about":[{"href":"https:\/\/pedale.net.br\/blog\/wp-json\/wp\/v2\/types\/post"}],"author":[{"embeddable":true,"href":"https:\/\/pedale.net.br\/blog\/wp-json\/wp\/v2\/users\/2"}],"replies":[{"embeddable":true,"href":"https:\/\/pedale.net.br\/blog\/wp-json\/wp\/v2\/comments?post=1"}],"version-history":[{"count":1,"href":"https:\/\/pedale.net.br\/blog\/wp-json\/wp\/v2\/posts\/1\/revisions"}],"predecessor-version":[{"id":194,"href":"https:\/\/pedale.net.br\/blog\/wp-json\/wp\/v2\/posts\/1\/revisions\/194"}],"wp:featuredmedia":[{"embeddable":true,"href":"https:\/\/pedale.net.br\/blog\/wp-json\/wp\/v2\/media\/195"}],"wp:attachment":[{"href":"https:\/\/pedale.net.br\/blog\/wp-json\/wp\/v2\/media?parent=1"}],"wp:term":[{"taxonomy":"category","embeddable":true,"href":"https:\/\/pedale.net.br\/blog\/wp-json\/wp\/v2\/categories?post=1"},{"taxonomy":"post_tag","embeddable":true,"href":"https:\/\/pedale.net.br\/blog\/wp-json\/wp\/v2\/tags?post=1"},{"taxonomy":"powerkit_post_featured","embeddable":true,"href":"https:\/\/pedale.net.br\/blog\/wp-json\/wp\/v2\/powerkit_post_featured?post=1"}],"curies":[{"name":"wp","href":"https:\/\/api.w.org\/{rel}","templated":true}]}}